{"id":49503,"date":"2024-01-22T11:24:39","date_gmt":"2024-01-22T14:24:39","guid":{"rendered":"http:\/\/www.sincomam.org.br\/?p=49503"},"modified":"2024-01-22T11:29:44","modified_gmt":"2024-01-22T14:29:44","slug":"projeto-promete-transformar-sonho-de-despoluicao-da-baia-de-guanabara-em-realidade","status":"publish","type":"post","link":"https:\/\/www.sincomam.org.br\/index.php\/projeto-promete-transformar-sonho-de-despoluicao-da-baia-de-guanabara-em-realidade\/","title":{"rendered":"Projeto promete transformar sonho de despolui\u00e7\u00e3o da Ba\u00eda de Guanabara em realidade"},"content":{"rendered":"<p>Quem n\u00e3o quer poder tomar um banho de mar seja na Praia de Botafogo, Flamengo, na Ba\u00eda de Guanabara e at\u00e9 em Paquet\u00e1, historicamente impr\u00f3prias para banho? Agora isso est\u00e1 sendo poss\u00edvel. O programa Guanabara Azul vem dando resultados na recupera\u00e7\u00e3o de um dos principais cart\u00f5es postais da cidade do Rio de Janeiro. Dessa vez, a aposta est\u00e1 na estrutura\u00e7\u00e3o de uma governan\u00e7a capaz de viabilizar simultaneamente crescimento econ\u00f4mico e preserva\u00e7\u00e3o ambiental. O desafio \u00e9 grande. Embora na imagem a\u00e9rea, a Ba\u00eda de Guanabara abra\u00e7ada pelo Cristo Redentor revele sua indiscut\u00edvel beleza, o local sofreu uma intensa degrada\u00e7\u00e3o ao longo das \u00faltimas d\u00e9cadas.<\/p>\n<p>Desde os anos 1990, diferentes projetos, com a expectativa de mudar o cen\u00e1rio, foram lan\u00e7ados. Em meados de setembro de 2023, um novo passo foi dado com vistas \u00e0 melhoria ambiental do corpo h\u00eddrico. A lei que criou o\u00a0 programa Guanabara Azul foi assinada durante o Green Rio, evento voltado para neg\u00f3cios, inova\u00e7\u00e3o e pesquisa em bioeconomia e sustentabilidade.<\/p>\n<p>Segundo o vice-governador, Thiago Pampolha, o programa Guanabara Azul se desenvolver\u00e1 em v\u00e1rias frentes. Uma delas \u00e9 diagnosticar a situa\u00e7\u00e3o atual e elaborar um plano de a\u00e7\u00e3o, considerando os diferentes agentes que se\u00a0 relacionam com a Ba\u00eda de Guanabara, incluindo munic\u00edpios do seu entorno e empresas sediadas na regi\u00e3o.<\/p>\n<p>\u201cNossa ideia \u00e9 sistematizar tudo o que acontece na Ba\u00eda de Guanabara de forma permanente e ao vivo. Por exemplo, se tiver um derramamento de \u00f3leo hoje, a gente tem dificuldade de descobrir sua origem. Se a gente n\u00e3o consegue\u00a0 diagnosticar, a gente n\u00e3o tem como cobrar o respons\u00e1vel para reverter o dano no tempo adequado\u201d, disse Pampolha.<\/p>\n<p><strong>Degrada\u00e7\u00e3o<\/strong><\/p>\n<p>Para o secret\u00e1rio, as iniciativas de fiscaliza\u00e7\u00e3o e controle feitas em parceria com outros \u00f3rg\u00e3os j\u00e1 est\u00e3o dando certo. Ele cita o exemplo em que agentes p\u00fablicos do Instituto Estadual do Ambiente (Inea) e da Pol\u00edcia Militar foram mobilizados para fixar uma barreira sanit\u00e1ria que funcionar\u00e1 24 horas por dia no bairro Jardim Gramacho, em Duque de Caxias, na Baixada Fluminense. O objetivo foi bloquear pontos onde \u00e9 comum o descarte irregular de detritos.<\/p>\n<p><strong>Repercuss\u00e3o<\/strong><\/p>\n<p>O programa do governo fluminense, por enquanto, \u00e9 visto com desconfian\u00e7a por pesquisadores e ambientalistas preocupados com a Ba\u00eda de Guanabara. Para o Movimento Ba\u00eda Viva, criado na d\u00e9cada de 1980, trata-se de uma iniciativa de gabinete.<\/p>\n<p>\u201c\u00c9 mais um programa governamental criado sem a participa\u00e7\u00e3o da sociedade civil e das comunidades pesqueiras\u201d, disse o ecologista Sergio Ricardo, cofundador do Movimento\u00a0Baia Viva. Para ele, \u00e9 preciso democratizar essas\u00a0 decis\u00f5es.<\/p>\n<p>Por sua vez, o pesquisador, bi\u00f3logo e ativista M\u00e1rio Moscatelli v\u00ea boa vontade por parte do governo, mas manifestou receio: \u201cN\u00e3o basta s\u00f3 ter vontade pol\u00edtica. Claro que vontade pol\u00edtica \u00e9 fundamental para as coisas andarem. Mas \u00e9 preciso materializar em a\u00e7\u00f5es. N\u00e3o d\u00e1 mais para esperar projetos mirabolantes\u201d, ponderou.<\/p>\n<p><strong>Praias de Paquet\u00e1 pr\u00f3prias para banho<\/strong><\/p>\n<p>Um levantamento do Inea revelou que algumas praias da Ilha de Paquet\u00e1 est\u00e3o pr\u00f3prias para banho novamente. Elas apresentaram resultados favor\u00e1veis durante semanas consecutivas, o que permitiu a volta do banho de mar.<\/p>\n<p>De acordo com Leonardo Fidalgo, gerente de Informa\u00e7\u00f5es Hidrometeorol\u00f3gicas e de Qualidade das \u00c1guas do Inea, a situa\u00e7\u00e3o ainda n\u00e3o est\u00e1 nem pr\u00f3xima do ideal, mas a melhora \u00e9 percept\u00edvel.<\/p>\n<p>&nbsp;<\/p>\n","protected":false},"excerpt":{"rendered":"<p>Quem n\u00e3o quer poder tomar um banho de mar seja na Praia de Botafogo, Flamengo, na Ba\u00eda de Guanabara e at\u00e9 em Paquet\u00e1, historicamente impr\u00f3prias&#8230;<\/p>\n","protected":false},"author":1527,"featured_media":49504,"comment_status":"closed","ping_status":"closed","sticky":false,"template":"","format":"standard","meta":{"footnotes":""},"categories":[6],"tags":[],"class_list":["post-49503","post","type-post","status-publish","format-standard","has-post-thumbnail","hentry","category-noticias"],"_links":{"self":[{"href":"https:\/\/www.sincomam.org.br\/index.php\/wp-json\/wp\/v2\/posts\/49503","targetHints":{"allow":["GET"]}}],"collection":[{"href":"https:\/\/www.sincomam.org.br\/index.php\/wp-json\/wp\/v2\/posts"}],"about":[{"href":"https:\/\/www.sincomam.org.br\/index.php\/wp-json\/wp\/v2\/types\/post"}],"author":[{"embeddable":true,"href":"https:\/\/www.sincomam.org.br\/index.php\/wp-json\/wp\/v2\/users\/1527"}],"replies":[{"embeddable":true,"href":"https:\/\/www.sincomam.org.br\/index.php\/wp-json\/wp\/v2\/comments?post=49503"}],"version-history":[{"count":4,"href":"https:\/\/www.sincomam.org.br\/index.php\/wp-json\/wp\/v2\/posts\/49503\/revisions"}],"predecessor-version":[{"id":49509,"href":"https:\/\/www.sincomam.org.br\/index.php\/wp-json\/wp\/v2\/posts\/49503\/revisions\/49509"}],"wp:featuredmedia":[{"embeddable":true,"href":"https:\/\/www.sincomam.org.br\/index.php\/wp-json\/wp\/v2\/media\/49504"}],"wp:attachment":[{"href":"https:\/\/www.sincomam.org.br\/index.php\/wp-json\/wp\/v2\/media?parent=49503"}],"wp:term":[{"taxonomy":"category","embeddable":true,"href":"https:\/\/www.sincomam.org.br\/index.php\/wp-json\/wp\/v2\/categories?post=49503"},{"taxonomy":"post_tag","embeddable":true,"href":"https:\/\/www.sincomam.org.br\/index.php\/wp-json\/wp\/v2\/tags?post=49503"}],"curies":[{"name":"wp","href":"https:\/\/api.w.org\/{rel}","templated":true}]}}