{"id":49497,"date":"2024-01-22T11:15:59","date_gmt":"2024-01-22T14:15:59","guid":{"rendered":"http:\/\/www.sincomam.org.br\/?p=49497"},"modified":"2024-01-22T11:15:59","modified_gmt":"2024-01-22T14:15:59","slug":"naufragio-deixa-cinco-pessoas-mortas-na-baia-de-todos-os-santos","status":"publish","type":"post","link":"https:\/\/www.sincomam.org.br\/index.php\/naufragio-deixa-cinco-pessoas-mortas-na-baia-de-todos-os-santos\/","title":{"rendered":"Naufr\u00e1gio deixa cinco pessoas mortas na Ba\u00eda de-Todos-os-Santos"},"content":{"rendered":"<p>Cinco pessoas morreram e duas est\u00e3o\u00a0desaparecidas ap\u00f3s o naufr\u00e1gio de uma embarca\u00e7\u00e3o que fazia, segundo a Marinha do Brasil, \u201ctransporte irregular de passageiros\u201d na Ba\u00eda de-Todos-os-Santos, na Bahia, entre a Ilha de Maria Guarda e Madre de Deus, na regi\u00e3o metropolitana de Salvador.<img decoding=\"async\" src=\"https:\/\/agenciabrasil.ebc.com.br\/ebc.png?id=1577242&amp;o=node\" \/><img decoding=\"async\" src=\"https:\/\/agenciabrasil.ebc.com.br\/ebc.gif?id=1577242&amp;o=node\" \/><\/p>\n<p>O acidente ocorreu na noite desse domingo (21) com a embarca\u00e7\u00e3o \u201cGostos\u00e3o FF\u201d, informou o Comando do 2\u00b0 Distrito Naval. Os trabalhos de resgate contam com a participa\u00e7\u00e3o do Corpo de Bombeiros e da Pol\u00edcia Militar.<\/p>\n<p>\u201cPermanecem os esfor\u00e7os m\u00e1ximos na busca dos desaparecidos, com o emprego de 39 militares, de um Aviso de Patrulha, uma lancha de inspe\u00e7\u00e3o naval blindada do Grupamento de Patrulha Naval do Leste\u00a0e de uma lancha de inspe\u00e7\u00e3o naval e uma moto aqu\u00e1tica da Capitania dos Portos da Bahia (CPBA), que coordena a opera\u00e7\u00e3o de busca e salvamento\u201d, informou, em nota, a Marinha.<\/p>\n<p>Inscrita na classe saveiro, a embarca\u00e7\u00e3o tem autoriza\u00e7\u00e3o para ser empregada exclusivamente na atividade de esporte e de recreio, n\u00e3o podendo, portanto, fazer transporte de passageiros.<\/p>\n<p>De acordo com o comando do Distrito Naval, est\u00e1 sendo apurado o excesso de pessoas na embarca\u00e7\u00e3o\u00a0no momento do acidente.<\/p>\n<p>\u201cA CPBA instaurou\u00a0inqu\u00e9rito sobre acidentes e fatos da navega\u00e7\u00e3o para apurar as causas e circunst\u00e2ncias do naufr\u00e1gio. Conclu\u00eddo o procedimento e cumpridas as formalidades legais, os documentos ser\u00e3o encaminhados ao Tribunal Mar\u00edtimo\u201d, acrescenta\u00a0a nota da Marinha.<\/p>\n<p>O caso foi comentado pelo governador da Bahia,\u00a0<a href=\"https:\/\/twitter.com\/Jeronimoba13\" target=\"_blank\" rel=\"noopener\">Jer\u00f4nimo Rodrigues<\/a>, nas redes sociais. \u201cMeus sentimentos aos familiares das v\u00edtimas do acidente, envolvendo uma embarca\u00e7\u00e3o, no munic\u00edpio de Madre de Deus, na noite desse domingo. Seguimos aqui atuando, empenhados e esperan\u00e7osos em encontrar os desaparecidos\u201d, disse\u00a0Rodrigues na rede X, antigo Twitter.<\/p>\n<p>O governador afirmou\u00a0que n\u00e3o medir\u00e1 esfor\u00e7os para dar todo o apoio e suporte \u00e0s fam\u00edlias.<\/p>\n<p>Fonte: Ag\u00eancia Brasil<\/p>\n","protected":false},"excerpt":{"rendered":"<p>Cinco pessoas morreram e duas est\u00e3o\u00a0desaparecidas ap\u00f3s o naufr\u00e1gio de uma embarca\u00e7\u00e3o que fazia, segundo a Marinha do Brasil, \u201ctransporte irregular de passageiros\u201d na Ba\u00eda&#8230;<\/p>\n","protected":false},"author":1527,"featured_media":49498,"comment_status":"closed","ping_status":"closed","sticky":false,"template":"","format":"standard","meta":{"footnotes":""},"categories":[6],"tags":[],"class_list":["post-49497","post","type-post","status-publish","format-standard","has-post-thumbnail","hentry","category-noticias"],"_links":{"self":[{"href":"https:\/\/www.sincomam.org.br\/index.php\/wp-json\/wp\/v2\/posts\/49497","targetHints":{"allow":["GET"]}}],"collection":[{"href":"https:\/\/www.sincomam.org.br\/index.php\/wp-json\/wp\/v2\/posts"}],"about":[{"href":"https:\/\/www.sincomam.org.br\/index.php\/wp-json\/wp\/v2\/types\/post"}],"author":[{"embeddable":true,"href":"https:\/\/www.sincomam.org.br\/index.php\/wp-json\/wp\/v2\/users\/1527"}],"replies":[{"embeddable":true,"href":"https:\/\/www.sincomam.org.br\/index.php\/wp-json\/wp\/v2\/comments?post=49497"}],"version-history":[{"count":1,"href":"https:\/\/www.sincomam.org.br\/index.php\/wp-json\/wp\/v2\/posts\/49497\/revisions"}],"predecessor-version":[{"id":49499,"href":"https:\/\/www.sincomam.org.br\/index.php\/wp-json\/wp\/v2\/posts\/49497\/revisions\/49499"}],"wp:featuredmedia":[{"embeddable":true,"href":"https:\/\/www.sincomam.org.br\/index.php\/wp-json\/wp\/v2\/media\/49498"}],"wp:attachment":[{"href":"https:\/\/www.sincomam.org.br\/index.php\/wp-json\/wp\/v2\/media?parent=49497"}],"wp:term":[{"taxonomy":"category","embeddable":true,"href":"https:\/\/www.sincomam.org.br\/index.php\/wp-json\/wp\/v2\/categories?post=49497"},{"taxonomy":"post_tag","embeddable":true,"href":"https:\/\/www.sincomam.org.br\/index.php\/wp-json\/wp\/v2\/tags?post=49497"}],"curies":[{"name":"wp","href":"https:\/\/api.w.org\/{rel}","templated":true}]}}