{"id":49494,"date":"2024-01-22T11:01:31","date_gmt":"2024-01-22T14:01:31","guid":{"rendered":"http:\/\/www.sincomam.org.br\/?p=49494"},"modified":"2024-01-22T11:01:31","modified_gmt":"2024-01-22T14:01:31","slug":"nova-lideranca-na-capitania-dos-portos-de-pernambuco-compromisso-e-visao-para-o-futuro","status":"publish","type":"post","link":"https:\/\/www.sincomam.org.br\/index.php\/nova-lideranca-na-capitania-dos-portos-de-pernambuco-compromisso-e-visao-para-o-futuro\/","title":{"rendered":"Nova Lideran\u00e7a na Capitania dos Portos de Pernambuco: Compromisso e Vis\u00e3o para o Futuro"},"content":{"rendered":"<p>No dia 9 de janeiro, a Capitania dos Portos de Pernambuco (CPPE) testemunhou um momento crucial em sua hist\u00f3ria com a realiza\u00e7\u00e3o da cerim\u00f4nia de Passagem de Comando. Sob a presid\u00eancia do Comandante do 3\u00ba Distrito Naval, Vice-Almirante Alexander Reis Leite, a solenidade marcou a transi\u00e7\u00e3o de lideran\u00e7a, destacando a continuidade e a evolu\u00e7\u00e3o na gest\u00e3o das atividades mar\u00edtimas da regi\u00e3o.<\/p>\n<p><strong>Novo Comandante: Um Olhar para o Futuro<\/strong><\/p>\n<p>O Capit\u00e3o de Mar e Guerra Carlos Frederico Tojal do Vale assumiu o comando, sucedendo o Capit\u00e3o de Mar e Guerra Frederico Medeiros Vasconcelos de Albuquerque, que comandou a CPPE por dois anos. Com sua vasta experi\u00eancia e conhecimento, o Comandante Tojal traz uma nova vis\u00e3o para a Capitania, enfatizando seu compromisso com a tripula\u00e7\u00e3o, a seguran\u00e7a da navega\u00e7\u00e3o, a salvaguarda da vida humana no mar e a preven\u00e7\u00e3o da polui\u00e7\u00e3o h\u00eddrica.<\/p>\n<p><strong>Presen\u00e7a de Autoridades e Compromisso Compartilhado<\/strong><\/p>\n<div class=\"google-auto-placed ap_container\">\n<p>A cerim\u00f4nia contou com a presen\u00e7a da Vice-Governadora de Pernambuco, Priscila Krause, al\u00e9m de autoridades civis e militares, e representantes das comunidades mar\u00edtima e portu\u00e1ria. Este evento n\u00e3o apenas simboliza a mudan\u00e7a de comando, mas tamb\u00e9m refor\u00e7a a conex\u00e3o entre a Capitania dos Portos e as comunidades que ela serve, evidenciando a import\u00e2ncia da colabora\u00e7\u00e3o m\u00fatua para a efic\u00e1cia e seguran\u00e7a das atividades mar\u00edtimas.<\/p>\n<p><strong>Expectativas e Desafios<\/strong><\/p>\n<p>\u00c0 frente da Capitania dos Portos de Pernambuco, o Comandante Tojal enfrenta o desafio de manter a excel\u00eancia nas opera\u00e7\u00f5es mar\u00edtimas e de conduzir iniciativas focadas no ensino profissional mar\u00edtimo. Seu mandato ser\u00e1 marcado pela busca cont\u00ednua pela efici\u00eancia, seguran\u00e7a e prote\u00e7\u00e3o ambiental nas \u00e1guas de Pernambuco, promovendo uma navega\u00e7\u00e3o respons\u00e1vel e sustent\u00e1vel.<\/p>\n<\/div>\n<p>Fonte: Defesa em Foco<\/p>\n","protected":false},"excerpt":{"rendered":"<p>No dia 9 de janeiro, a Capitania dos Portos de Pernambuco (CPPE) testemunhou um momento crucial em sua hist\u00f3ria com a realiza\u00e7\u00e3o da cerim\u00f4nia de&#8230;<\/p>\n","protected":false},"author":1527,"featured_media":49495,"comment_status":"closed","ping_status":"closed","sticky":false,"template":"","format":"standard","meta":{"footnotes":""},"categories":[6],"tags":[],"class_list":["post-49494","post","type-post","status-publish","format-standard","has-post-thumbnail","hentry","category-noticias"],"_links":{"self":[{"href":"https:\/\/www.sincomam.org.br\/index.php\/wp-json\/wp\/v2\/posts\/49494","targetHints":{"allow":["GET"]}}],"collection":[{"href":"https:\/\/www.sincomam.org.br\/index.php\/wp-json\/wp\/v2\/posts"}],"about":[{"href":"https:\/\/www.sincomam.org.br\/index.php\/wp-json\/wp\/v2\/types\/post"}],"author":[{"embeddable":true,"href":"https:\/\/www.sincomam.org.br\/index.php\/wp-json\/wp\/v2\/users\/1527"}],"replies":[{"embeddable":true,"href":"https:\/\/www.sincomam.org.br\/index.php\/wp-json\/wp\/v2\/comments?post=49494"}],"version-history":[{"count":1,"href":"https:\/\/www.sincomam.org.br\/index.php\/wp-json\/wp\/v2\/posts\/49494\/revisions"}],"predecessor-version":[{"id":49496,"href":"https:\/\/www.sincomam.org.br\/index.php\/wp-json\/wp\/v2\/posts\/49494\/revisions\/49496"}],"wp:featuredmedia":[{"embeddable":true,"href":"https:\/\/www.sincomam.org.br\/index.php\/wp-json\/wp\/v2\/media\/49495"}],"wp:attachment":[{"href":"https:\/\/www.sincomam.org.br\/index.php\/wp-json\/wp\/v2\/media?parent=49494"}],"wp:term":[{"taxonomy":"category","embeddable":true,"href":"https:\/\/www.sincomam.org.br\/index.php\/wp-json\/wp\/v2\/categories?post=49494"},{"taxonomy":"post_tag","embeddable":true,"href":"https:\/\/www.sincomam.org.br\/index.php\/wp-json\/wp\/v2\/tags?post=49494"}],"curies":[{"name":"wp","href":"https:\/\/api.w.org\/{rel}","templated":true}]}}