{"id":49480,"date":"2024-01-19T09:26:15","date_gmt":"2024-01-19T12:26:15","guid":{"rendered":"http:\/\/www.sincomam.org.br\/?p=49480"},"modified":"2024-01-19T09:26:15","modified_gmt":"2024-01-19T12:26:15","slug":"imposto-de-renda-quem-ganha-dois-salarios-minimos-voltara-a-pagar-entenda-por-que","status":"publish","type":"post","link":"https:\/\/www.sincomam.org.br\/index.php\/imposto-de-renda-quem-ganha-dois-salarios-minimos-voltara-a-pagar-entenda-por-que\/","title":{"rendered":"Imposto de Renda: quem ganha dois sal\u00e1rios m\u00ednimos voltar\u00e1 a pagar; entenda por qu\u00ea"},"content":{"rendered":"<div id=\"chunk-2n94g\">\n<div class=\"mc-column content-text active-extra-styles \" data-block-type=\"unstyled\" data-block-weight=\"52\" data-block-id=\"2\">\n<p class=\" content-text__container \" data-track-category=\"Link no Texto\" data-track-links=\"\">Isentas ap\u00f3s uma\u00a0mudan\u00e7a na tabela do Imposto de Renda (IR) em 2023, as\u00a0pessoas que recebem at\u00e9 dois sal\u00e1rios m\u00ednimos voltar\u00e3o ser tributadas este ano.\u00a0\u00c9 o que afirma a Associa\u00e7\u00e3o Nacional dos Auditores Fiscais da\u00a0Receita Federal\u00a0do Brasil (Unafisco), que monitora os impactos da tabela do IR ao contribuinte.<\/p>\n<\/div>\n<\/div>\n<div class=\"wall protected-content\">\n<div id=\"chunk-b16id\">\n<div class=\"mc-column content-text active-extra-styles \" data-block-type=\"unstyled\" data-block-weight=\"48\" data-block-id=\"4\">\n<p class=\" content-text__container \" data-track-category=\"Link no Texto\" data-track-links=\"\">A explica\u00e7\u00e3o, segundo os auditores da Receita, \u00e9 o aumento do sal\u00e1rio m\u00ednimo nacional, que\u00a0em 2024 passou a ser de R$ 1.412. Com a renda chegando a\u00a0R$ 2.824, quem recebe dois m\u00ednimos passou a superar, portanto, a faixa de isen\u00e7\u00e3o da tabela atual, de\u00a0R$ 2.640.<\/p>\n<p data-track-category=\"Link no Texto\" data-track-links=\"\">De acordo com a Unafisco, os contribuintes que tiveram aumento salarial agora ter\u00e3o que desembolsar\u00a0R$ 13,80\u00a0de imposto todo m\u00eas, o equivalente a\u00a0R$ 165,59\u00a0no ano.<\/p>\n<\/div>\n<\/div>\n<\/div>\n<div id=\"chunk-fkip0\">\n<div class=\"mc-column content-text active-extra-styles\" data-block-type=\"raw\" data-block-weight=\"3\" data-block-id=\"9\">\n<div class=\"content-intertitle\">\n<h2>Isen\u00e7\u00e3o em 2023<\/h2>\n<\/div>\n<p>Em maio do ano passado, o governo federal publicou uma Medida Provis\u00f3ria (MP) que alterou a faixa de isen\u00e7\u00e3o do IR\u00a0de\u00a0R$ 1.903,98\u00a0para\u00a0R$ 2.112. Para isentar quem recebia at\u00e9 dois sal\u00e1rios m\u00ednimos, o texto tamb\u00e9m incluiu um\u00a0<span class=\"highlight highlighted\">desconto mensal de\u00a0<\/span><span class=\"highlight highlighted\">R$ 528<\/span><span class=\"highlight highlighted\">\u00a0na fonte.<\/span><\/p>\n<\/div>\n<\/div>\n<div id=\"chunk-em45v\">\n<div class=\"mc-column content-text active-extra-styles \" data-block-type=\"unstyled\" data-block-weight=\"31\" data-block-id=\"11\">\n<p class=\" content-text__container \" data-track-category=\"Link no Texto\" data-track-links=\"\">Na pr\u00e1tica, portanto, quem ganhava at\u00e9\u00a0R$ 2.640\u00a0(R$ 2.112\u00a0+\u00a0R$ 528) \u2014 o equivalente a dois m\u00ednimos em 2023 \u2014 ficou isento do Imposto de Renda para pessoa f\u00edsica.<\/p>\n<\/div>\n<\/div>\n<div id=\"chunk-coj3q\">\n<div class=\"mc-column content-text active-extra-styles \" data-block-type=\"unstyled\" data-block-weight=\"32\" data-block-id=\"12\">\n<p class=\" content-text__container \" data-track-category=\"Link no Texto\" data-track-links=\"\">Por se tratar de uma MP, foi necess\u00e1ria a elabora\u00e7\u00e3o de uma lei,\u00a0sancionada em agosto pelo presidente Lula (PT). A legisla\u00e7\u00e3o manteve a mesma regra \u2014 que est\u00e1 em vigor atualmente.<\/p>\n<\/div>\n<\/div>\n<div id=\"chunk-9g1vf\">\n<div class=\"mc-column content-text active-extra-styles \" data-block-type=\"unstyled\" data-block-weight=\"30\" data-block-id=\"13\">\n<p class=\" content-text__container \" data-track-category=\"Link no Texto\" data-track-links=\"\">Vale lembrar que\u00a0Lula prometeu durante a campanha presidencial de 2022\u00a0isentar do Imposto de Renda pessoas que recebem at\u00e9\u00a0R$ 5 mil\u00a0\u2014 o que ainda n\u00e3o se concretizou.<\/p>\n<\/div>\n<\/div>\n<div id=\"chunk-ckom9\">\n<div class=\"content-ads content-ads--reveal\" data-block-type=\"ads\" data-block-id=\"14\">\n<div id=\"banner_materia__88026db5-2d18-41e7-bf21-8932ed1d3201\" class=\"tag-manager-publicidade-container mc-has-reveal mc-has-ad-lazyload tag-manager-publicidade-banner_materia__88026db5-2d18-41e7-bf21-8932ed1d3201 tag-manager-publicidade-container--carregado tag-manager-publicidade-container--visivel\" data-id=\"banner_materia__88026db5-2d18-41e7-bf21-8932ed1d3201\" data-google-query-id=\"CJ7vrYC56YMDFWCmlQIdEhAGGw\">\n<div id=\"google_ads_iframe_\/95377733\/tvg_G1\/Economia_4__container__\"><strong>Veja abaixo as atuais faixas de renda e as respectivas al\u00edquotas:<\/strong><\/div>\n<\/div>\n<\/div>\n<\/div>\n<div id=\"chunk-bf4pi\">\n<div class=\"mc-column content-text active-extra-styles\" data-block-type=\"raw\" data-block-weight=\"39\" data-block-id=\"16\">\n<ul class=\"content-unordered-list\">\n<li><strong>Faixa 1:<\/strong>\u00a0At\u00e9 R$ 2.112,00:\u00a0<strong>isento<\/strong><\/li>\n<li><strong>Faixa 2:<\/strong>\u00a0De R$ 2.112,01at\u00e9 R$ 2.826,65:\u00a0<strong>7,5%<\/strong><\/li>\n<li><strong>Faixa 3:\u00a0<\/strong>De R$ 2.826,66 at\u00e9 R$ 3.751,05:\u00a0<strong>15%<\/strong><\/li>\n<li><strong>Faixa 4:<\/strong>\u00a0De R$ 3.751,06 at\u00e9 R$ 4.664,68:\u00a0<strong>22,5%<\/strong><\/li>\n<li><strong>Faixa 5:<\/strong>\u00a0Acima de R$ 4.664,68:<strong>\u00a027,5%<\/strong><\/li>\n<\/ul>\n<p><strong>E as parcelas a deduzir do Imposto de Renda por faixa salarial:<\/strong><\/p>\n<\/div>\n<\/div>\n<div id=\"chunk-cgi7j\">\n<div class=\"mc-column content-text active-extra-styles\" data-block-type=\"raw\" data-block-weight=\"21\" data-block-id=\"18\">\n<ul class=\"content-unordered-list\">\n<li><strong>Faixa 1:\u00a0<\/strong>R$ 0,00 (zero)<\/li>\n<li><strong>Faixa 2:<\/strong>\u00a0R$ 158,40<\/li>\n<li><strong>Faixa 3:<\/strong>\u00a0R$ 370,40<\/li>\n<li><strong>Faixa 4:\u00a0<\/strong>R$ 651,73<\/li>\n<li><strong>Faixa 5:<\/strong>\u00a0R$ 884,96<\/li>\n<\/ul>\n<\/div>\n<\/div>\n<div id=\"chunk-btkc8\">\n<div class=\"mc-column content-text active-extra-styles\" data-block-type=\"raw\" data-block-weight=\"9\" data-block-id=\"20\">\n<div class=\"content-intertitle\">\n<h2>Mais de 33 milh\u00f5es ficariam isentos com corre\u00e7\u00e3o inflacion\u00e1ria<\/h2>\n<\/div>\n<p>Mais de 33 milh\u00f5es de pessoas\u00a0que recebem at\u00e9\u00a0R$ 4.942,29\u00a0por m\u00eas ficariam isentas do Imposto de Renda em 2025 caso a tabela fosse corrigida integralmente pela infla\u00e7\u00e3o, segundo c\u00e1lculos da Unafisco.<\/p>\n<\/div>\n<\/div>\n<div id=\"chunk-2dk6s\">\n<div class=\"mc-column content-text active-extra-styles \" data-block-type=\"unstyled\" data-block-weight=\"33\" data-block-id=\"21\">\n<div id=\"chunk-asg2g\">\n<div class=\"mc-column content-text active-extra-styles \" data-block-type=\"unstyled\" data-block-weight=\"54\" data-block-id=\"23\">\n<p class=\" content-text__container \" data-track-category=\"Link no Texto\" data-track-links=\"\">O n\u00famero representa\u00a0<span class=\"highlight highlighted\">13,6 milh\u00f5es de isentos a mais<\/span>\u00a0do que os\u00a019,5 milh\u00f5es\u00a0listados atualmente. Os c\u00e1lculos da associa\u00e7\u00e3o mostram que a defasagem acumulada chega a 134,01% na faixa de isen\u00e7\u00e3o (a taxa \u00e9 a diferen\u00e7a entre o limite atual de\u00a0R$ 2,1 mil\u00a0e o de\u00a0R$ 4,9 mil\u00a0caso houvesse corre\u00e7\u00e3o).<\/p>\n<\/div>\n<\/div>\n<div id=\"chunk-351nf\">\n<div class=\"mc-column content-text active-extra-styles \" data-block-type=\"unstyled\" data-block-weight=\"26\" data-block-id=\"24\">\n<p class=\" content-text__container \" data-track-category=\"Link no Texto\" data-track-links=\"\">Ainda segundo a Unafisco, a defasagem nas demais faixas de renda chega a 159,57%. Os percentuais consideram os ajustes realizados e a infla\u00e7\u00e3o acumulada desde 1996.<\/p>\n<\/div>\n<\/div>\n<div id=\"chunk-4af4c\">\n<div class=\"mc-column content-text active-extra-styles\" data-block-type=\"raw\" data-block-weight=\"4\" data-block-id=\"25\">\n<p class=\"content-text__container\"><strong>Os impactos dessa diferen\u00e7a<\/strong><\/p>\n<p>A defasagem da tabela leva pessoas com poder de compra cada vez menor para a base de contribui\u00e7\u00e3o \u2013 ou seja, h\u00e1 cada vez mais pessoas obrigadas a pagar imposto, j\u00e1 que os sal\u00e1rios tendem a subir para corrigir a infla\u00e7\u00e3o (ou parte dela), enquanto a tabela do IR segue igual.<\/p>\n<\/div>\n<\/div>\n<div id=\"chunk-7suhb\">\n<div class=\"mc-column content-text active-extra-styles \" data-block-type=\"unstyled\" data-block-weight=\"49\" data-block-id=\"27\">\n<p class=\" content-text__container \" data-track-category=\"Link no Texto\" data-track-links=\"\">Como consequ\u00eancia da falta de corre\u00e7\u00e3o da tabela, contribuintes tamb\u00e9m pagam uma al\u00edquota cada vez maior em rela\u00e7\u00e3o aos anos anteriores, j\u00e1 que reajustes salariais (ainda que, em muitos caso, abaixo da infla\u00e7\u00e3o) podem fazer com que a pessoa entre em outra faixa de renda da tabela do IR.<\/p>\n<\/div>\n<\/div>\n<div id=\"chunk-fdfu5\">\n<div class=\"block-podcast\">Fonte: Ag\u00eancia Brasil<\/div>\n<\/div>\n<\/div>\n<\/div>\n<p data-track-category=\"Link no Texto\" data-track-links=\"\">\n<p data-track-category=\"Link no Texto\" data-track-links=\"\">\n","protected":false},"excerpt":{"rendered":"<p>Isentas ap\u00f3s uma\u00a0mudan\u00e7a na tabela do Imposto de Renda (IR) em 2023, as\u00a0pessoas que recebem at\u00e9 dois sal\u00e1rios m\u00ednimos voltar\u00e3o ser tributadas este ano.\u00a0\u00c9 o&#8230;<\/p>\n","protected":false},"author":1527,"featured_media":49481,"comment_status":"closed","ping_status":"closed","sticky":false,"template":"","format":"standard","meta":{"footnotes":""},"categories":[6],"tags":[],"class_list":["post-49480","post","type-post","status-publish","format-standard","has-post-thumbnail","hentry","category-noticias"],"_links":{"self":[{"href":"https:\/\/www.sincomam.org.br\/index.php\/wp-json\/wp\/v2\/posts\/49480","targetHints":{"allow":["GET"]}}],"collection":[{"href":"https:\/\/www.sincomam.org.br\/index.php\/wp-json\/wp\/v2\/posts"}],"about":[{"href":"https:\/\/www.sincomam.org.br\/index.php\/wp-json\/wp\/v2\/types\/post"}],"author":[{"embeddable":true,"href":"https:\/\/www.sincomam.org.br\/index.php\/wp-json\/wp\/v2\/users\/1527"}],"replies":[{"embeddable":true,"href":"https:\/\/www.sincomam.org.br\/index.php\/wp-json\/wp\/v2\/comments?post=49480"}],"version-history":[{"count":1,"href":"https:\/\/www.sincomam.org.br\/index.php\/wp-json\/wp\/v2\/posts\/49480\/revisions"}],"predecessor-version":[{"id":49482,"href":"https:\/\/www.sincomam.org.br\/index.php\/wp-json\/wp\/v2\/posts\/49480\/revisions\/49482"}],"wp:featuredmedia":[{"embeddable":true,"href":"https:\/\/www.sincomam.org.br\/index.php\/wp-json\/wp\/v2\/media\/49481"}],"wp:attachment":[{"href":"https:\/\/www.sincomam.org.br\/index.php\/wp-json\/wp\/v2\/media?parent=49480"}],"wp:term":[{"taxonomy":"category","embeddable":true,"href":"https:\/\/www.sincomam.org.br\/index.php\/wp-json\/wp\/v2\/categories?post=49480"},{"taxonomy":"post_tag","embeddable":true,"href":"https:\/\/www.sincomam.org.br\/index.php\/wp-json\/wp\/v2\/tags?post=49480"}],"curies":[{"name":"wp","href":"https:\/\/api.w.org\/{rel}","templated":true}]}}