{"id":49452,"date":"2024-01-18T10:38:48","date_gmt":"2024-01-18T13:38:48","guid":{"rendered":"http:\/\/www.sincomam.org.br\/?p=49452"},"modified":"2024-01-18T10:48:35","modified_gmt":"2024-01-18T13:48:35","slug":"lesa-patria-faz-busca-e-apreensao-na-casa-do-deputado-carlos-jordy","status":"publish","type":"post","link":"https:\/\/www.sincomam.org.br\/index.php\/lesa-patria-faz-busca-e-apreensao-na-casa-do-deputado-carlos-jordy\/","title":{"rendered":"Lesa P\u00e1tria faz busca e apreens\u00e3o na casa do deputado Carlos Jordy"},"content":{"rendered":"<p>A Pol\u00edcia Federal (PF) deflagrou nesta quinta-feira (18) mais uma fase da Opera\u00e7\u00e3o Lesa P\u00e1tria. A 24\u00aa etapa est\u00e1 focada na identifica\u00e7\u00e3o dos mentores intelectuais e respons\u00e1veis por planejar, financiar e incitar os atos antidemocr\u00e1ticos que culminaram na tentativa frustrada de golpe de Estado no dia 8 de janeiro de 2023.<img decoding=\"async\" src=\"https:\/\/agenciabrasil.ebc.com.br\/ebc.png?id=1576798&amp;o=node\" \/><img decoding=\"async\" src=\"https:\/\/agenciabrasil.ebc.com.br\/ebc.gif?id=1576798&amp;o=node\" \/><\/p>\n<p>A PF cumpre dez\u00a0mandados de busca e apreens\u00e3o expedidos pelo Supremo Tribunal Federal (STF) &#8211;\u00a0oito no Rio de Janeiro\u00a0e dois no Distrito Federal.<\/p>\n<p>O deputado federal Carlos Jordy (PL-RJ) confirmou ser um dos alvos da investiga\u00e7\u00e3o. Segundo ele, os policiais chegaram em sua resid\u00eancia \u00e0s 6h. \u201cEles apresentaram uma peti\u00e7\u00e3o. Estavam buscando\u00a0arma, celular e\u00a0<em>tablet<\/em>. Tentaram buscar outras coisas que pudessem me incriminar\u201d, disse o deputado em v\u00eddeo publicado nas redes sociais.<\/p>\n<p>Carlos Jordy classificou a opera\u00e7\u00e3o como\u00a0\u201cmedida autorit\u00e1ria e sem fundamento, que visa a perseguir, intimidar e criar narrativa \u00e0s v\u00e9speras de elei\u00e7\u00e3o municipal\u201d.<\/p>\n<p>\u201c\u00c9 inacredit\u00e1vel. Esse mandado de busca e apreens\u00e3o que foi determinado pelo ministro Alexandre de Moraes \u00e9 a verdadeira constata\u00e7\u00e3o de que estamos vivendo em uma ditadura. Em momento algum do 8 de janeiro eu incitei ou falei para as pessoas que aquilo era correto. Nunca apoiei nenhum tipo de ato, embora as pessoas tivessem todo o direito de fazer suas manifesta\u00e7\u00f5es contra o governo eleito\u201d, declarou.<\/p>\n<p>Segundo a PF, os fatos investigados constituem, em tese, crimes de aboli\u00e7\u00e3o violenta do Estado democr\u00e1tico de direito, golpe de Estado, associa\u00e7\u00e3o criminosa e incita\u00e7\u00e3o ao crime.<\/p>\n<p>&nbsp;<\/p>\n<p>Fonte: Ag\u00eancia Brasil<\/p>\n","protected":false},"excerpt":{"rendered":"<p>A Pol\u00edcia Federal (PF) deflagrou nesta quinta-feira (18) mais uma fase da Opera\u00e7\u00e3o Lesa P\u00e1tria. A 24\u00aa etapa est\u00e1 focada na identifica\u00e7\u00e3o dos mentores intelectuais&#8230;<\/p>\n","protected":false},"author":1527,"featured_media":49453,"comment_status":"closed","ping_status":"closed","sticky":false,"template":"","format":"standard","meta":{"footnotes":""},"categories":[6],"tags":[],"class_list":["post-49452","post","type-post","status-publish","format-standard","has-post-thumbnail","hentry","category-noticias"],"_links":{"self":[{"href":"https:\/\/www.sincomam.org.br\/index.php\/wp-json\/wp\/v2\/posts\/49452","targetHints":{"allow":["GET"]}}],"collection":[{"href":"https:\/\/www.sincomam.org.br\/index.php\/wp-json\/wp\/v2\/posts"}],"about":[{"href":"https:\/\/www.sincomam.org.br\/index.php\/wp-json\/wp\/v2\/types\/post"}],"author":[{"embeddable":true,"href":"https:\/\/www.sincomam.org.br\/index.php\/wp-json\/wp\/v2\/users\/1527"}],"replies":[{"embeddable":true,"href":"https:\/\/www.sincomam.org.br\/index.php\/wp-json\/wp\/v2\/comments?post=49452"}],"version-history":[{"count":1,"href":"https:\/\/www.sincomam.org.br\/index.php\/wp-json\/wp\/v2\/posts\/49452\/revisions"}],"predecessor-version":[{"id":49454,"href":"https:\/\/www.sincomam.org.br\/index.php\/wp-json\/wp\/v2\/posts\/49452\/revisions\/49454"}],"wp:featuredmedia":[{"embeddable":true,"href":"https:\/\/www.sincomam.org.br\/index.php\/wp-json\/wp\/v2\/media\/49453"}],"wp:attachment":[{"href":"https:\/\/www.sincomam.org.br\/index.php\/wp-json\/wp\/v2\/media?parent=49452"}],"wp:term":[{"taxonomy":"category","embeddable":true,"href":"https:\/\/www.sincomam.org.br\/index.php\/wp-json\/wp\/v2\/categories?post=49452"},{"taxonomy":"post_tag","embeddable":true,"href":"https:\/\/www.sincomam.org.br\/index.php\/wp-json\/wp\/v2\/tags?post=49452"}],"curies":[{"name":"wp","href":"https:\/\/api.w.org\/{rel}","templated":true}]}}