{"id":49449,"date":"2024-01-18T10:37:28","date_gmt":"2024-01-18T13:37:28","guid":{"rendered":"http:\/\/www.sincomam.org.br\/?p=49449"},"modified":"2024-01-18T10:37:28","modified_gmt":"2024-01-18T13:37:28","slug":"marinha-do-brasil-celebra-incorporacao-do-submarino-humaita-fortalecendo-a-protecao-da-amazonia-azul","status":"publish","type":"post","link":"https:\/\/www.sincomam.org.br\/index.php\/marinha-do-brasil-celebra-incorporacao-do-submarino-humaita-fortalecendo-a-protecao-da-amazonia-azul\/","title":{"rendered":"Marinha do Brasil Celebra Incorpora\u00e7\u00e3o do Submarino Humait\u00e1: Fortalecendo a Prote\u00e7\u00e3o da Amaz\u00f4nia Azul"},"content":{"rendered":"<p>A transfer\u00eancia do Submarino Humait\u00e1 para a Esquadra da Marinha do Brasil, realizada pela ICN, representa um marco significativo na hist\u00f3ria naval do pa\u00eds. A incorpora\u00e7\u00e3o deste submarino ao Setor Operativo, unindo-se ao j\u00e1 ativo Submarino Riachuelo, \u00e9 um testemunho do avan\u00e7o do Brasil no campo da defesa e seguran\u00e7a mar\u00edtima. Esta cerim\u00f4nia na Base de Submarinos da Ilha da Madeira n\u00e3o \u00e9 apenas um evento formal, mas tamb\u00e9m uma celebra\u00e7\u00e3o do progresso tecnol\u00f3gico e da capacidade operacional crescente da Marinha do Brasil.<\/p>\n<p><strong>Presen\u00e7a de Autoridades e Parceiros Internacionais<\/strong><\/p>\n<p>A cerim\u00f4nia contou com a presen\u00e7a de autoridades de alto escal\u00e3o, incluindo o Ministro de Estado da Defesa, Jos\u00e9 M\u00facio Monteiro, e o Comandante da Marinha, Marcus Sampaio Olsen, al\u00e9m de representantes da ICN, da Fran\u00e7a e de empresas parceiras. A presen\u00e7a de figuras como o Embaixador da Rep\u00fablica Francesa no Brasil, Emmanuel Lenain, e l\u00edderes de empresas como NOVONOR e Naval Group, destaca a import\u00e2ncia desta conquista n\u00e3o s\u00f3 para o Brasil, mas tamb\u00e9m para seus parceiros internacionais.<\/p>\n<p><strong>Significado Estrat\u00e9gico do Submarino Humait\u00e1<\/strong><\/p>\n<p>A entrada do Submarino Humait\u00e1 na frota operacional da Marinha \u00e9 um passo crucial na prote\u00e7\u00e3o da Amaz\u00f4nia Azul, uma \u00e1rea que abriga in\u00fameras riquezas nas \u00e1guas territoriais brasileiras. O Humait\u00e1, junto com o Riachuelo, fortalece a capacidade do Brasil em salvaguardar sua soberania mar\u00edtima e suas riquezas naturais. Este evento simboliza o compromisso do Brasil com a seguran\u00e7a nacional e a preserva\u00e7\u00e3o de seus recursos marinhos.<\/p>\n<p><strong>Uma Vit\u00f3ria da Uni\u00e3o e Colabora\u00e7\u00e3o<\/strong><\/p>\n<p>A cerim\u00f4nia de incorpora\u00e7\u00e3o do Submarino Humait\u00e1 \u00e0 Marinha do Brasil \u00e9 um exemplo de como a uni\u00e3o e a colabora\u00e7\u00e3o entre diferentes entidades podem resultar em conquistas significativas para o pa\u00eds. Este submarino n\u00e3o \u00e9 apenas um ativo militar, mas tamb\u00e9m um s\u00edmbolo do empenho cont\u00ednuo do Brasil em proteger e valorizar sua soberania e recursos naturais.<\/p>\n<p>Fonte: Defesa em Foco<\/p>\n","protected":false},"excerpt":{"rendered":"<p>A transfer\u00eancia do Submarino Humait\u00e1 para a Esquadra da Marinha do Brasil, realizada pela ICN, representa um marco significativo na hist\u00f3ria naval do pa\u00eds. A&#8230;<\/p>\n","protected":false},"author":1527,"featured_media":49450,"comment_status":"closed","ping_status":"closed","sticky":false,"template":"","format":"standard","meta":{"footnotes":""},"categories":[6],"tags":[],"class_list":["post-49449","post","type-post","status-publish","format-standard","has-post-thumbnail","hentry","category-noticias"],"_links":{"self":[{"href":"https:\/\/www.sincomam.org.br\/index.php\/wp-json\/wp\/v2\/posts\/49449","targetHints":{"allow":["GET"]}}],"collection":[{"href":"https:\/\/www.sincomam.org.br\/index.php\/wp-json\/wp\/v2\/posts"}],"about":[{"href":"https:\/\/www.sincomam.org.br\/index.php\/wp-json\/wp\/v2\/types\/post"}],"author":[{"embeddable":true,"href":"https:\/\/www.sincomam.org.br\/index.php\/wp-json\/wp\/v2\/users\/1527"}],"replies":[{"embeddable":true,"href":"https:\/\/www.sincomam.org.br\/index.php\/wp-json\/wp\/v2\/comments?post=49449"}],"version-history":[{"count":1,"href":"https:\/\/www.sincomam.org.br\/index.php\/wp-json\/wp\/v2\/posts\/49449\/revisions"}],"predecessor-version":[{"id":49451,"href":"https:\/\/www.sincomam.org.br\/index.php\/wp-json\/wp\/v2\/posts\/49449\/revisions\/49451"}],"wp:featuredmedia":[{"embeddable":true,"href":"https:\/\/www.sincomam.org.br\/index.php\/wp-json\/wp\/v2\/media\/49450"}],"wp:attachment":[{"href":"https:\/\/www.sincomam.org.br\/index.php\/wp-json\/wp\/v2\/media?parent=49449"}],"wp:term":[{"taxonomy":"category","embeddable":true,"href":"https:\/\/www.sincomam.org.br\/index.php\/wp-json\/wp\/v2\/categories?post=49449"},{"taxonomy":"post_tag","embeddable":true,"href":"https:\/\/www.sincomam.org.br\/index.php\/wp-json\/wp\/v2\/tags?post=49449"}],"curies":[{"name":"wp","href":"https:\/\/api.w.org\/{rel}","templated":true}]}}