{"id":49436,"date":"2024-01-17T08:43:50","date_gmt":"2024-01-17T11:43:50","guid":{"rendered":"http:\/\/www.sincomam.org.br\/?p=49436"},"modified":"2024-01-17T08:43:50","modified_gmt":"2024-01-17T11:43:50","slug":"ondas-do-oceano-pacifico-estao-ficando-maiores-a-medida-que-o-clima-esquenta","status":"publish","type":"post","link":"https:\/\/www.sincomam.org.br\/index.php\/ondas-do-oceano-pacifico-estao-ficando-maiores-a-medida-que-o-clima-esquenta\/","title":{"rendered":"Ondas do Oceano Pac\u00edfico est\u00e3o ficando maiores \u00e0 medida que o clima esquenta"},"content":{"rendered":"<p>N\u00e3o s\u00e3o apenas as altas temperaturas as principais consequ\u00eancias do aquecimento global. Ondas cada vez maiores t\u00eam sido registradas no Oceano Pac\u00edfico, na Costa da Calif\u00f3rnia, nos EUA, \u00e9 o que aponta um estudo da Scripps Institution Oceanography. Para se ter ideia, no inverno, a altura das ondas aumenta cerca de 30 cent\u00edmetros, desde 1970. Quatro metros de altura tem sido a m\u00e9dia das ondas da Costa.<\/p>\n<p>As consequ\u00eancias de ondas gigantes s\u00e3o inunda\u00e7\u00f5es, eros\u00f5es adicionais e dificuldades para a navega\u00e7\u00e3o. As ondas t\u00eam acompanhado o n\u00edvel do mar que vem crescendo devido \u00e0s mudan\u00e7as clim\u00e1ticas, foi o que disse Peter Bromirski, especialista oceanogr\u00e1fico e o principal autor do estudo.<\/p>\n<p>A rela\u00e7\u00e3o \u00e9 diretamente proporcional. Quanto mais o n\u00edvel do mar se eleva, principalmente durante tempestades, mais a energia das ondas podem atingir as fal\u00e9sias que s\u00e3o pared\u00f5es elevados e de declividade acentuada que se formam no litoral. No \u00faltimo inverno, ondas gigantes da Calif\u00f3rnia derrubaram penhascos e prejudicaram os p\u00ederes.<\/p>\n<p>Segundo o estudo, \u00e0 medida que o n\u00edvel do mar continua a subir, \u00e9 estimado que at\u00e9 as ondas com a altura consideradas moderadas impactem, no futuro, a costa, com tanta for\u00e7a quantos as ondas maiores dos tempos atuais.<\/p>\n<p><strong>Dados s\u00edsmicos foram usados no estudo<\/strong><br \/>\nForam usados 90 anos de dados s\u00edsmicos, pelos pesquisadores para medir as alturas das ondas que atingiram a Costa da Calif\u00f3rnia nas \u00faltimas d\u00e9cadas. Eles descobriram que as alturas m\u00e9dias das ondas no inverno tiveram um aumento considerado. O estudo se une a pesquisas anteriores sugerindo que as atividades de tempestades no Oceano Pac\u00edfico Norte aumentaram significativamente sob as mudan\u00e7as clim\u00e1ticas.<\/p>\n","protected":false},"excerpt":{"rendered":"<p>N\u00e3o s\u00e3o apenas as altas temperaturas as principais consequ\u00eancias do aquecimento global. Ondas cada vez maiores t\u00eam sido registradas no Oceano Pac\u00edfico, na Costa da&#8230;<\/p>\n","protected":false},"author":1527,"featured_media":49437,"comment_status":"closed","ping_status":"closed","sticky":false,"template":"","format":"standard","meta":{"footnotes":""},"categories":[6],"tags":[],"class_list":["post-49436","post","type-post","status-publish","format-standard","has-post-thumbnail","hentry","category-noticias"],"_links":{"self":[{"href":"https:\/\/www.sincomam.org.br\/index.php\/wp-json\/wp\/v2\/posts\/49436","targetHints":{"allow":["GET"]}}],"collection":[{"href":"https:\/\/www.sincomam.org.br\/index.php\/wp-json\/wp\/v2\/posts"}],"about":[{"href":"https:\/\/www.sincomam.org.br\/index.php\/wp-json\/wp\/v2\/types\/post"}],"author":[{"embeddable":true,"href":"https:\/\/www.sincomam.org.br\/index.php\/wp-json\/wp\/v2\/users\/1527"}],"replies":[{"embeddable":true,"href":"https:\/\/www.sincomam.org.br\/index.php\/wp-json\/wp\/v2\/comments?post=49436"}],"version-history":[{"count":1,"href":"https:\/\/www.sincomam.org.br\/index.php\/wp-json\/wp\/v2\/posts\/49436\/revisions"}],"predecessor-version":[{"id":49438,"href":"https:\/\/www.sincomam.org.br\/index.php\/wp-json\/wp\/v2\/posts\/49436\/revisions\/49438"}],"wp:featuredmedia":[{"embeddable":true,"href":"https:\/\/www.sincomam.org.br\/index.php\/wp-json\/wp\/v2\/media\/49437"}],"wp:attachment":[{"href":"https:\/\/www.sincomam.org.br\/index.php\/wp-json\/wp\/v2\/media?parent=49436"}],"wp:term":[{"taxonomy":"category","embeddable":true,"href":"https:\/\/www.sincomam.org.br\/index.php\/wp-json\/wp\/v2\/categories?post=49436"},{"taxonomy":"post_tag","embeddable":true,"href":"https:\/\/www.sincomam.org.br\/index.php\/wp-json\/wp\/v2\/tags?post=49436"}],"curies":[{"name":"wp","href":"https:\/\/api.w.org\/{rel}","templated":true}]}}