{"id":49408,"date":"2024-01-16T08:20:57","date_gmt":"2024-01-16T11:20:57","guid":{"rendered":"http:\/\/www.sincomam.org.br\/?p=49408"},"modified":"2024-01-16T08:20:57","modified_gmt":"2024-01-16T11:20:57","slug":"governo-federal-reconhece-emergencia-no-rio-por-causa-das-chuvas","status":"publish","type":"post","link":"https:\/\/www.sincomam.org.br\/index.php\/governo-federal-reconhece-emergencia-no-rio-por-causa-das-chuvas\/","title":{"rendered":"Governo federal reconhece emerg\u00eancia no Rio por causa das chuvas"},"content":{"rendered":"<p>O governo federal reconheceu nesta segunda-feira (15) situa\u00e7\u00e3o de emerg\u00eancia na cidade do Rio de Janeiro e em mais tr\u00eas munic\u00edpios fluminenses \u2013 Belford Roxo, Nova Igua\u00e7u e S\u00e3o Jo\u00e3o do Meriti \u2013 atingidos por fortes chuvas neste fim de semana.\u00a0<img decoding=\"async\" src=\"https:\/\/agenciabrasil.ebc.com.br\/ebc.png?id=1576503&amp;o=node\" \/><img decoding=\"async\" src=\"https:\/\/agenciabrasil.ebc.com.br\/ebc.gif?id=1576503&amp;o=node\" \/><\/p>\n<p>Com a medida, os munic\u00edpios podem solicitar recursos federais para a\u00e7\u00f5es de apoio \u00e0 popula\u00e7\u00e3o, como reconstru\u00e7\u00e3o de ruas, vias e casas destru\u00eddas pelos temporais.<\/p>\n<p>Em 24 horas, as tempestades causaram\u00a012 mortes\u00a0e deixaram 600 pessoas desalojadas, al\u00e9m de inunda\u00e7\u00f5es, alagamentos, cortes de \u00e1rvores, desabamentos e deslizamentos.<\/p>\n<p>Uma comitiva de ministros ir\u00e1 ao Rio nesta ter\u00e7a-feira (16), por determina\u00e7\u00e3o do presidente Luiz In\u00e1cio Lula da Silva, para verificar as \u00e1reas afetadas. A equipe \u00e9 composta pelos ministros Waldez G\u00f3es (Integra\u00e7\u00e3o e Desenvolvimento Regional), Anielle Franco (Igualdade Racial), Jo\u00e3o Paulo Capobianco (substituto do Meio Ambiente) e Osmar Almeida J\u00fanior (substituto do Desenvolvimento e Assist\u00eancia Social).<\/p>\n<p>Eles v\u00e3o se reunir com o governador Cl\u00e1udio Casto e com os prefeitos das cidades afetadas.<\/p>\n<p>&nbsp;<\/p>\n<p>Fonte: Ag\u00eancia Brasil<\/p>\n","protected":false},"excerpt":{"rendered":"<p>O governo federal reconheceu nesta segunda-feira (15) situa\u00e7\u00e3o de emerg\u00eancia na cidade do Rio de Janeiro e em mais tr\u00eas munic\u00edpios fluminenses \u2013 Belford Roxo,&#8230;<\/p>\n","protected":false},"author":1527,"featured_media":49409,"comment_status":"closed","ping_status":"closed","sticky":false,"template":"","format":"standard","meta":{"footnotes":""},"categories":[6],"tags":[],"class_list":["post-49408","post","type-post","status-publish","format-standard","has-post-thumbnail","hentry","category-noticias"],"_links":{"self":[{"href":"https:\/\/www.sincomam.org.br\/index.php\/wp-json\/wp\/v2\/posts\/49408","targetHints":{"allow":["GET"]}}],"collection":[{"href":"https:\/\/www.sincomam.org.br\/index.php\/wp-json\/wp\/v2\/posts"}],"about":[{"href":"https:\/\/www.sincomam.org.br\/index.php\/wp-json\/wp\/v2\/types\/post"}],"author":[{"embeddable":true,"href":"https:\/\/www.sincomam.org.br\/index.php\/wp-json\/wp\/v2\/users\/1527"}],"replies":[{"embeddable":true,"href":"https:\/\/www.sincomam.org.br\/index.php\/wp-json\/wp\/v2\/comments?post=49408"}],"version-history":[{"count":1,"href":"https:\/\/www.sincomam.org.br\/index.php\/wp-json\/wp\/v2\/posts\/49408\/revisions"}],"predecessor-version":[{"id":49410,"href":"https:\/\/www.sincomam.org.br\/index.php\/wp-json\/wp\/v2\/posts\/49408\/revisions\/49410"}],"wp:featuredmedia":[{"embeddable":true,"href":"https:\/\/www.sincomam.org.br\/index.php\/wp-json\/wp\/v2\/media\/49409"}],"wp:attachment":[{"href":"https:\/\/www.sincomam.org.br\/index.php\/wp-json\/wp\/v2\/media?parent=49408"}],"wp:term":[{"taxonomy":"category","embeddable":true,"href":"https:\/\/www.sincomam.org.br\/index.php\/wp-json\/wp\/v2\/categories?post=49408"},{"taxonomy":"post_tag","embeddable":true,"href":"https:\/\/www.sincomam.org.br\/index.php\/wp-json\/wp\/v2\/tags?post=49408"}],"curies":[{"name":"wp","href":"https:\/\/api.w.org\/{rel}","templated":true}]}}