{"id":49397,"date":"2024-01-16T07:29:34","date_gmt":"2024-01-16T10:29:34","guid":{"rendered":"http:\/\/www.sincomam.org.br\/?p=49397"},"modified":"2024-01-16T07:29:57","modified_gmt":"2024-01-16T10:29:57","slug":"operacao-verao-2024-marinha-do-brasil-intensifica-seguranca-nautica-com-tecnologia-avancada-e-educacao","status":"publish","type":"post","link":"https:\/\/www.sincomam.org.br\/index.php\/operacao-verao-2024-marinha-do-brasil-intensifica-seguranca-nautica-com-tecnologia-avancada-e-educacao\/","title":{"rendered":"Opera\u00e7\u00e3o Ver\u00e3o 2024: Marinha do Brasil intensifica Seguran\u00e7a N\u00e1utica com Tecnologia Avan\u00e7ada e Educa\u00e7\u00e3o"},"content":{"rendered":"<p>A\u00a0Opera\u00e7\u00e3o Ver\u00e3o 2024\u00a0da Marinha do Brasil (MB) est\u00e1 em pleno andamento, demonstrando o compromisso da for\u00e7a naval com a seguran\u00e7a mar\u00edtima e a preven\u00e7\u00e3o de acidentes nas vastas \u00e1guas brasileiras. Desde o in\u00edcio da opera\u00e7\u00e3o, em 15 de dezembro de 2023, mais de\u00a027.218 embarca\u00e7\u00f5es\u00a0foram inspecionadas, evidenciando a efic\u00e1cia e a abrang\u00eancia deste projeto crucial.<\/p>\n<p><strong>Desenvolvimento e Resultados<\/strong><\/p>\n<div class=\"min-h-[20px] text-message flex flex-col items-start gap-3 whitespace-pre-wrap break-words [.text-message+&amp;]:mt-5 overflow-x-auto\" data-message-author-role=\"assistant\" data-message-id=\"f0f460f3-cef6-4177-9262-c43f6fedc983\">\n<div class=\"markdown prose w-full break-words dark:prose-invert dark\">\n<p>Durante o primeiro m\u00eas da opera\u00e7\u00e3o, a MB emitiu 1.110 notifica\u00e7\u00f5es e apreendeu 114 embarca\u00e7\u00f5es, refletindo o rigor e a seriedade com que as normas de navega\u00e7\u00e3o e seguran\u00e7a ambiental s\u00e3o tratadas. Este esfor\u00e7o envolve mais de\u00a05 mil militares, distribu\u00eddos por todas as Capitanias, Delegacias e Ag\u00eancias da Marinha, abrangendo uma \u00e1rea extensa que inclui hidrovias interiores, rios, lagos, ba\u00edas, angras, enseadas e regi\u00f5es mar\u00edtimas.<\/p>\n<p>A iniciativa visa principalmente a temporada de ver\u00e3o, quando h\u00e1 um aumento significativo na movimenta\u00e7\u00e3o de embarca\u00e7\u00f5es, tanto no litoral quanto em \u00e1guas interiores. A opera\u00e7\u00e3o n\u00e3o apenas refor\u00e7a a seguran\u00e7a da navega\u00e7\u00e3o mas tamb\u00e9m promove a conscientiza\u00e7\u00e3o sobre a import\u00e2ncia de seguir as regras de navega\u00e7\u00e3o e de preven\u00e7\u00e3o \u00e0 polui\u00e7\u00e3o ambiental.<\/p>\n<p><strong>Inova\u00e7\u00e3o Tecnol\u00f3gica e Educa\u00e7\u00e3o<\/strong><\/p>\n<p>Um aspecto inovador da Opera\u00e7\u00e3o Ver\u00e3o 2024 \u00e9 a ado\u00e7\u00e3o do\u00a0NAVSEG, um aplicativo desenvolvido pela Marinha para monitoramento em tempo real das embarca\u00e7\u00f5es. O aplicativo, dispon\u00edvel para Android e iOS, j\u00e1 \u00e9 utilizado por mais de 8 mil condutores, marcando um avan\u00e7o significativo na seguran\u00e7a mar\u00edtima do pa\u00eds.<\/p>\n<p>Al\u00e9m das inspe\u00e7\u00f5es, a opera\u00e7\u00e3o tamb\u00e9m inclui palestras educativas realizadas em clubes n\u00e1uticos, marinas e col\u00f4nias de pescadores. Essas iniciativas s\u00e3o fundamentais para sensibilizar os condutores sobre a import\u00e2ncia da seguran\u00e7a na navega\u00e7\u00e3o e o uso respons\u00e1vel das vias aqu\u00e1ticas.<\/p>\n<\/div>\n<\/div>\n<div class=\"min-h-[20px] text-message flex flex-col items-start gap-3 whitespace-pre-wrap break-words [.text-message+&amp;]:mt-5 overflow-x-auto\" data-message-author-role=\"assistant\" data-message-id=\"c1d8d252-b77b-4d87-b160-e3f916ef7b35\">\n<div class=\"result-streaming markdown prose w-full break-words dark:prose-invert dark\">\n<p><strong>Balan\u00e7o e Perspectivas Futuras<\/strong><\/p>\n<p>Desde a edi\u00e7\u00e3o de 2021, mais de 300 mil embarca\u00e7\u00f5es foram vistoriadas pela Opera\u00e7\u00e3o Ver\u00e3o, evidenciando um aumento progressivo na vigil\u00e2ncia das \u00e1guas nacionais. Curiosamente, o n\u00famero de embarca\u00e7\u00f5es apreendidas no \u00faltimo ano foi o menor dos \u00faltimos tr\u00eas anos, sugerindo uma melhora na conformidade com as normas de seguran\u00e7a mar\u00edtima.<\/p>\n<p>A Opera\u00e7\u00e3o Ver\u00e3o 2024 simboliza um esfor\u00e7o cont\u00ednuo da Marinha do Brasil para garantir a seguran\u00e7a nas \u00e1guas brasileiras, combinando a\u00e7\u00f5es pr\u00e1ticas de inspe\u00e7\u00e3o com iniciativas educativas e tecnol\u00f3gicas. Esse equil\u00edbrio entre autoridade e educa\u00e7\u00e3o \u00e9 fundamental para um ambiente mar\u00edtimo seguro e sustent\u00e1vel, um objetivo crucial para um pa\u00eds com uma rica e diversificada geografia aqu\u00e1tica como o Brasil.<\/p>\n<\/div>\n<p>Fonte: Defesa em Foco<\/p>\n<\/div>\n","protected":false},"excerpt":{"rendered":"<p>A\u00a0Opera\u00e7\u00e3o Ver\u00e3o 2024\u00a0da Marinha do Brasil (MB) est\u00e1 em pleno andamento, demonstrando o compromisso da for\u00e7a naval com a seguran\u00e7a mar\u00edtima e a preven\u00e7\u00e3o de&#8230;<\/p>\n","protected":false},"author":1527,"featured_media":49398,"comment_status":"closed","ping_status":"closed","sticky":false,"template":"","format":"standard","meta":{"footnotes":""},"categories":[6],"tags":[],"class_list":["post-49397","post","type-post","status-publish","format-standard","has-post-thumbnail","hentry","category-noticias"],"_links":{"self":[{"href":"https:\/\/www.sincomam.org.br\/index.php\/wp-json\/wp\/v2\/posts\/49397","targetHints":{"allow":["GET"]}}],"collection":[{"href":"https:\/\/www.sincomam.org.br\/index.php\/wp-json\/wp\/v2\/posts"}],"about":[{"href":"https:\/\/www.sincomam.org.br\/index.php\/wp-json\/wp\/v2\/types\/post"}],"author":[{"embeddable":true,"href":"https:\/\/www.sincomam.org.br\/index.php\/wp-json\/wp\/v2\/users\/1527"}],"replies":[{"embeddable":true,"href":"https:\/\/www.sincomam.org.br\/index.php\/wp-json\/wp\/v2\/comments?post=49397"}],"version-history":[{"count":3,"href":"https:\/\/www.sincomam.org.br\/index.php\/wp-json\/wp\/v2\/posts\/49397\/revisions"}],"predecessor-version":[{"id":49401,"href":"https:\/\/www.sincomam.org.br\/index.php\/wp-json\/wp\/v2\/posts\/49397\/revisions\/49401"}],"wp:featuredmedia":[{"embeddable":true,"href":"https:\/\/www.sincomam.org.br\/index.php\/wp-json\/wp\/v2\/media\/49398"}],"wp:attachment":[{"href":"https:\/\/www.sincomam.org.br\/index.php\/wp-json\/wp\/v2\/media?parent=49397"}],"wp:term":[{"taxonomy":"category","embeddable":true,"href":"https:\/\/www.sincomam.org.br\/index.php\/wp-json\/wp\/v2\/categories?post=49397"},{"taxonomy":"post_tag","embeddable":true,"href":"https:\/\/www.sincomam.org.br\/index.php\/wp-json\/wp\/v2\/tags?post=49397"}],"curies":[{"name":"wp","href":"https:\/\/api.w.org\/{rel}","templated":true}]}}