{"id":49385,"date":"2024-01-15T07:54:01","date_gmt":"2024-01-15T10:54:01","guid":{"rendered":"http:\/\/www.sincomam.org.br\/?p=49385"},"modified":"2024-01-15T07:54:01","modified_gmt":"2024-01-15T10:54:01","slug":"marinha-incorpora-submarino-humaita","status":"publish","type":"post","link":"https:\/\/www.sincomam.org.br\/index.php\/marinha-incorpora-submarino-humaita\/","title":{"rendered":"Marinha incorpora submarino &#8216;Humait\u00e1&#8217;"},"content":{"rendered":"<p>A Marinha do Brasil incorporou na sexta-feira (12) o segundo dos quatro submarinos convencionais previstos no Programa de Desenvolvimento de Submarinos (Prosub).<\/p>\n<p>A solenidade de incorpora\u00e7\u00e3o do &#8220;Humait\u00e1&#8221; (S41) foi realizada na Base de Submarinos da Ilha da Madeira. O submarino opera com propuls\u00e3o diesel-el\u00e9trica.<\/p>\n<p>O projeto, fruto de parceria estrat\u00e9gica e coopera\u00e7\u00e3o tecnol\u00f3gica com a Fran\u00e7a, cumpriu um extenso e rigoroso calend\u00e1rio de testes de aceita\u00e7\u00e3o no porto e no mar e est\u00e1 pronto para iniciar sua vida operativa na Esquadra brasileira.<\/p>\n<div id=\"beacon_98a3cf01bc\"><\/div>\n<p>O ministro da Defesa, Jos\u00e9 Mucio Monteiro, destacou que a condu\u00e7\u00e3o competente do Prosub \u00e9 digna de um reconhecimento especial, pois suas \u201centregas\u201d n\u00e3o apenas ampliam e fortalecem o Poder Naval, mas tamb\u00e9m porque elevam a proje\u00e7\u00e3o do Brasil como um \u201cator\u201d cada vez mais relevante no cen\u00e1rio internacional.<\/p>\n<p>\u201cEste fortalecimento de nossas For\u00e7as Armadas \u00e9 que garante as condi\u00e7\u00f5es para o pa\u00eds manter sua tradicional postura pac\u00edfica no complexo ambiente das Rela\u00e7\u00f5es Internacionais. Uma Marinha forte \u00e9 essencial para o funcionamento de nossa economia, tendo em vista que \u00e9 em nossa Amaz\u00f4nia Azul que trafegam 95% das nossas exporta\u00e7\u00f5es e importa\u00e7\u00f5es. H\u00e1 muitas riquezas a se proteger no mar, que podem se traduzir em mais prosperidade e dignidade para o povo brasileiro\u201d, disse o ministro.<\/p>\n<p>O comandante da Marinha, almirante de Esquadra Marcos Sampaio Olsen, explicou que foi um passo bastante audacioso que o pa\u00eds deu com a assinatura da parceria estrat\u00e9gica em 2008. \u201cOs quatro submarinos convencionais atendem precipuamente a uma transfer\u00eancia de tecnologia que nos possibilita construir um submarino convencionalmente armado com propuls\u00e3o nuclear, que certamente permitir\u00e1 ao pa\u00eds um n\u00edvel de interlocu\u00e7\u00e3o compat\u00edvel com a estatura pol\u00edtico-estrat\u00e9gica do Brasil. O pa\u00eds precisa ter condi\u00e7\u00f5es de monitorar e exercer a prote\u00e7\u00e3o das nossas riquezas\u201d, afirmou.<\/p>\n<p>De acordo com o diretor-geral de Desenvolvimento Nuclear e Tecnol\u00f3gico da Marinha, almirante de Esquadra Petronio Augusto Siqueira de Aguiar, a Marinha conta, a partir de agora, com mais um moderno submarino para atuar em prol da garantia da soberania do Estado brasileiro. \u201c\u00c9 um investimento para a sociedade brasileira, em soberania e em tecnologia. J\u00e1 foram gerados mais de 20 mil empregos diretos e cerca de 40 mil empregos indiretos. Al\u00e9m disso, as riquezas da nossa<br \/>\nAmaz\u00f4nia Azul ainda s\u00e3o incalcul\u00e1veis, bem como sua ineg\u00e1vel relev\u00e2ncia estrat\u00e9gica para os interesses nacionais. Estamos falando de algo grandioso e de extrema import\u00e2ncia para o futuro do nosso pa\u00eds\u201d.<\/p>\n<p>Durante a cerim\u00f4nia, ocorreu a assinatura do Termo de Armamento do Submarino, pelo ministro de Estado da Defesa, pelo comandante da Marinha, pelo chefe do Estado-Maior da Armada, pelo diretor-geral de Desenvolvimento Nuclear e Tecnol\u00f3gico da Marinha, pelo comandante de Opera\u00e7\u00f5es Navais, pelo comandante do Submarino e pelo presidente da Itagua\u00ed Constru\u00e7\u00f5es Navais (ICN), que formalizou a incorpora\u00e7\u00e3o do submarino \u201cHumait\u00e1\u201d \u00e0 Armada e sua transfer\u00eancia para o<br \/>\nSetor Operativo da Marinha.<\/p>\n<p>Projetado pela empresa francesa Naval Group, com a participa\u00e7\u00e3o de engenheiros e t\u00e9cnicos brasileiros, e constru\u00eddo pela ICN, o \u201cHumait\u00e1\u201d tem capacidade de permanecer at\u00e9 80 dias em patrulha, sendo contemplado com um sistema de propuls\u00e3o e gera\u00e7\u00e3o de energia que, conjugado com recursos de redu\u00e7\u00e3o de ru\u00eddos de alta tecnologia, conferem elevado poder de oculta\u00e7\u00e3o \u2014 a principal caracter\u00edstica de um submarino.<\/p>\n<p>O &#8220;Humait\u00e1&#8221; foi o segundo constru\u00eddo no Brasil. O processo de capacita\u00e7\u00e3o da primeira tripula\u00e7\u00e3o durou cerca de dois anos e dividida em tr\u00eas etapas: preliminar, em terra e a bordo. Na capacita\u00e7\u00e3o preliminar e em terra, a tripula\u00e7\u00e3o foi submetida a um conjunto de aulas te\u00f3ricas e exerc\u00edcios em simuladores espec\u00edficos, visando conhecer o submarino detalhadamente. Na capacita\u00e7\u00e3o no mar, os treinamentos visam a obten\u00e7\u00e3o de conhecimento da condu\u00e7\u00e3o dos sistemas e equipamentos, bem como de sua opera\u00e7\u00e3o segura. A tripula\u00e7\u00e3o do S41 foi a primeira a ser capacitada nas etapas de treinamento em terra e a bordo pelo Centro de Instru\u00e7\u00e3o e Adestramento Almirante \u00c1ttila Monteiro Ach\u00e9.<\/p>\n<p>&nbsp;<\/p>\n<p>Fonte: Defesa em Foco<\/p>\n","protected":false},"excerpt":{"rendered":"<p>A Marinha do Brasil incorporou na sexta-feira (12) o segundo dos quatro submarinos convencionais previstos no Programa de Desenvolvimento de Submarinos (Prosub). A solenidade de&#8230;<\/p>\n","protected":false},"author":1527,"featured_media":49386,"comment_status":"closed","ping_status":"closed","sticky":false,"template":"","format":"standard","meta":{"footnotes":""},"categories":[6],"tags":[],"class_list":["post-49385","post","type-post","status-publish","format-standard","has-post-thumbnail","hentry","category-noticias"],"_links":{"self":[{"href":"https:\/\/www.sincomam.org.br\/index.php\/wp-json\/wp\/v2\/posts\/49385","targetHints":{"allow":["GET"]}}],"collection":[{"href":"https:\/\/www.sincomam.org.br\/index.php\/wp-json\/wp\/v2\/posts"}],"about":[{"href":"https:\/\/www.sincomam.org.br\/index.php\/wp-json\/wp\/v2\/types\/post"}],"author":[{"embeddable":true,"href":"https:\/\/www.sincomam.org.br\/index.php\/wp-json\/wp\/v2\/users\/1527"}],"replies":[{"embeddable":true,"href":"https:\/\/www.sincomam.org.br\/index.php\/wp-json\/wp\/v2\/comments?post=49385"}],"version-history":[{"count":1,"href":"https:\/\/www.sincomam.org.br\/index.php\/wp-json\/wp\/v2\/posts\/49385\/revisions"}],"predecessor-version":[{"id":49387,"href":"https:\/\/www.sincomam.org.br\/index.php\/wp-json\/wp\/v2\/posts\/49385\/revisions\/49387"}],"wp:featuredmedia":[{"embeddable":true,"href":"https:\/\/www.sincomam.org.br\/index.php\/wp-json\/wp\/v2\/media\/49386"}],"wp:attachment":[{"href":"https:\/\/www.sincomam.org.br\/index.php\/wp-json\/wp\/v2\/media?parent=49385"}],"wp:term":[{"taxonomy":"category","embeddable":true,"href":"https:\/\/www.sincomam.org.br\/index.php\/wp-json\/wp\/v2\/categories?post=49385"},{"taxonomy":"post_tag","embeddable":true,"href":"https:\/\/www.sincomam.org.br\/index.php\/wp-json\/wp\/v2\/tags?post=49385"}],"curies":[{"name":"wp","href":"https:\/\/api.w.org\/{rel}","templated":true}]}}