{"id":49382,"date":"2024-01-15T07:51:54","date_gmt":"2024-01-15T10:51:54","guid":{"rendered":"http:\/\/www.sincomam.org.br\/?p=49382"},"modified":"2024-01-15T07:51:54","modified_gmt":"2024-01-15T10:51:54","slug":"porto-do-itaqui-lidera-criacao-de-alianca-para-descarbonizacao-de-portos-brasileiros","status":"publish","type":"post","link":"https:\/\/www.sincomam.org.br\/index.php\/porto-do-itaqui-lidera-criacao-de-alianca-para-descarbonizacao-de-portos-brasileiros\/","title":{"rendered":"Porto do Itaqui lidera cria\u00e7\u00e3o de alian\u00e7a para descarboniza\u00e7\u00e3o de portos brasileiros"},"content":{"rendered":"<p>O Porto do Itaqui lidera uma discuss\u00e3o que pode resultar, nos pr\u00f3ximos meses, na Alian\u00e7a para Descarboniza\u00e7\u00e3o de Portos Brasileiros. A iniciativa visa reunir portos, empresas e organiza\u00e7\u00f5es para discutir e promover a redu\u00e7\u00e3o de emiss\u00f5es de gases de efeito estufa no setor portu\u00e1rio e aquavi\u00e1rio brasileiro. A Alian\u00e7a \u00e9 inspirada na Alianza Net Zero Mar, formada por portos espanh\u00f3is.<\/p>\n<p>A proposta \u00e9 criar um espa\u00e7o de di\u00e1logo e colabora\u00e7\u00e3o entre os diferentes atores do setor para compartilhar experi\u00eancias, desenvolver projetos e propor pol\u00edticas p\u00fablicas que contribuam para a descarboniza\u00e7\u00e3o.\u201cUm sonho que est\u00e1 iniciando.<\/p>\n<p>Nossa expectativa \u00e9 criar um espa\u00e7o democr\u00e1tico para troca de informa\u00e7\u00f5es e experi\u00eancias, ajudando o setor portu\u00e1rio a se preparar para um dos maiores desafios da atualidade: mudan\u00e7as clim\u00e1ticas\u201d, disse a gerente de meio ambiente do Porto do Itaqui, Luane Lemos. A primeira reuni\u00e3o da Alian\u00e7a reuniu mais de 35 participantes, entre representantes de portos, associa\u00e7\u00f5es, empresas, terminais, sindicatos, \u00f3rg\u00e3os p\u00fablicos, startups e interessados.<\/p>\n<div id=\"beacon_5db5fabdcb\"><\/div>\n<p>\u201cAs oportunidades atuais s\u00e3o muitas, uma vez que o Brasil sediar\u00e1 a COP30 e a possibilidade da atra\u00e7\u00e3o de investimentos e pol\u00edticas p\u00fablicas voltadas para o tema s\u00e3o reais\u201d, disse o presidente do Porto do Itaqui, Gilberto Lins. \u201cSomos o primeiro porto p\u00fablico brasileiro a implantar um planisf\u00e9rio descarboniza\u00e7\u00e3o, o que deve acontecer at\u00e9 novembro deste ano. Ent\u00e3o, para que possamos estimular o posicionamento do setor portu\u00e1rio e mar\u00edtimo nessa \u00e1rea, estamos convidando parceiros para fundar esta iniciativa conosco.\u201d<\/p>\n<p>&nbsp;<\/p>\n<p>Fonte: Portos e Navios<\/p>\n","protected":false},"excerpt":{"rendered":"<p>O Porto do Itaqui lidera uma discuss\u00e3o que pode resultar, nos pr\u00f3ximos meses, na Alian\u00e7a para Descarboniza\u00e7\u00e3o de Portos Brasileiros. A iniciativa visa reunir portos,&#8230;<\/p>\n","protected":false},"author":1527,"featured_media":49383,"comment_status":"closed","ping_status":"closed","sticky":false,"template":"","format":"standard","meta":{"footnotes":""},"categories":[6],"tags":[],"class_list":["post-49382","post","type-post","status-publish","format-standard","has-post-thumbnail","hentry","category-noticias"],"_links":{"self":[{"href":"https:\/\/www.sincomam.org.br\/index.php\/wp-json\/wp\/v2\/posts\/49382","targetHints":{"allow":["GET"]}}],"collection":[{"href":"https:\/\/www.sincomam.org.br\/index.php\/wp-json\/wp\/v2\/posts"}],"about":[{"href":"https:\/\/www.sincomam.org.br\/index.php\/wp-json\/wp\/v2\/types\/post"}],"author":[{"embeddable":true,"href":"https:\/\/www.sincomam.org.br\/index.php\/wp-json\/wp\/v2\/users\/1527"}],"replies":[{"embeddable":true,"href":"https:\/\/www.sincomam.org.br\/index.php\/wp-json\/wp\/v2\/comments?post=49382"}],"version-history":[{"count":1,"href":"https:\/\/www.sincomam.org.br\/index.php\/wp-json\/wp\/v2\/posts\/49382\/revisions"}],"predecessor-version":[{"id":49384,"href":"https:\/\/www.sincomam.org.br\/index.php\/wp-json\/wp\/v2\/posts\/49382\/revisions\/49384"}],"wp:featuredmedia":[{"embeddable":true,"href":"https:\/\/www.sincomam.org.br\/index.php\/wp-json\/wp\/v2\/media\/49383"}],"wp:attachment":[{"href":"https:\/\/www.sincomam.org.br\/index.php\/wp-json\/wp\/v2\/media?parent=49382"}],"wp:term":[{"taxonomy":"category","embeddable":true,"href":"https:\/\/www.sincomam.org.br\/index.php\/wp-json\/wp\/v2\/categories?post=49382"},{"taxonomy":"post_tag","embeddable":true,"href":"https:\/\/www.sincomam.org.br\/index.php\/wp-json\/wp\/v2\/tags?post=49382"}],"curies":[{"name":"wp","href":"https:\/\/api.w.org\/{rel}","templated":true}]}}