{"id":49370,"date":"2024-01-12T08:49:14","date_gmt":"2024-01-12T11:49:14","guid":{"rendered":"http:\/\/www.sincomam.org.br\/?p=49370"},"modified":"2024-01-12T08:49:14","modified_gmt":"2024-01-12T11:49:14","slug":"sincomam-participa-de-homenagens-ao-dia-maritimo-mundial-no-ciaga","status":"publish","type":"post","link":"https:\/\/www.sincomam.org.br\/index.php\/sincomam-participa-de-homenagens-ao-dia-maritimo-mundial-no-ciaga\/","title":{"rendered":"SINCOMAM participa de homenagens ao Dia Mar\u00edtimo Mundial no Ciaga"},"content":{"rendered":"<p>A diretoria do SINCOMAM participou das comemora\u00e7\u00f5es pelo Dia Mar\u00edtimo Mundial em evento realizado no dia 28 de setembro de 2023, no Centro de Instru\u00e7\u00e3o Almirante Gra\u00e7a Aranha (CIAGA), no Rio de Janeiro.<\/p>\n<p>Na solenidade, que contou com a presen\u00e7a da comunidade mar\u00edtima e foi presidida pelo comandante de Opera\u00e7\u00f5es Navais da Marinha do Brasil, Almirante de Esquadra Borges de Aguiar, a diretoria do SINCOMAM representou os trabalhadores em uma homenagem a Visconde de Mau\u00e1 \u2013 patrono da Marinha Mercante Brasileira \u2013 que incluiu a aposi\u00e7\u00e3o de flores diante do busto do homenageado.<\/p>\n<p>Na Ordem do Dia, assinada pelo Diretor de Portos e Costas, vice-almirante S\u00e9rgio Renato Berna Salgueirinho, a mensagem destaca a import\u00e2ncia dos trabalhadores aquavi\u00e1rios, mar\u00edtimos e fluvi\u00e1rios para o setor.<\/p>\n<p>Em outro trecho, o documento homenageia esses profissionais pelo\u00a0sacrif\u00edcio pessoal inerente \u00e0 profiss\u00e3o, como os afastamentos prolongados do conv\u00edvio familiar, e pelo zelo \u00e0 manuten\u00e7\u00e3o do com\u00e9rcio mar\u00edtimo, o que proporciona, segundo ele, as bases para o desenvolvimento do Brasil e a prosperidade da na\u00e7\u00e3o.<\/p>\n<p>\u201cDessa forma, gostaria de cumprimentar, mais uma vez, a todos os aquavi\u00e1rios brasileiros, homens e mulheres que, embarcados ou em terra, dedicam-se diuturnamente em benef\u00edcio do cont\u00ednuo desenvolvimento das Atividades Mar\u00edtimas do nosso Pa\u00eds\u201d, ressaltou.<\/p>\n<p>Ele tamb\u00e9m celebrou os 50 anos da Conven\u00e7\u00e3o Internacional para a Preven\u00e7\u00e3o da Polui\u00e7\u00e3o por Navios (Marpol) \u2013\u00a0 tema\u00a0deste ano para as comemora\u00e7\u00f5es do Dia Mar\u00edtimo Mundial: Marpol aos 50 anos \u2013 Nosso compromisso\u00a0 continua.<\/p>\n<p>\u201cEste tema, al\u00e9m de refletir a longa hist\u00f3ria e o compromisso da IMO (Organiza\u00e7\u00e3o Mar\u00edtima Internacional) na prote\u00e7\u00e3o do meio ambiente, destaca a Conven\u00e7\u00e3o que busca a preven\u00e7\u00e3o da polui\u00e7\u00e3o do meio ambiente marinho causada por embarca\u00e7\u00f5es\u201d, observou.<\/p>\n","protected":false},"excerpt":{"rendered":"<p>A diretoria do SINCOMAM participou das comemora\u00e7\u00f5es pelo Dia Mar\u00edtimo Mundial em evento realizado no dia 28 de setembro de 2023, no Centro de Instru\u00e7\u00e3o&#8230;<\/p>\n","protected":false},"author":1527,"featured_media":49371,"comment_status":"closed","ping_status":"closed","sticky":false,"template":"","format":"standard","meta":{"footnotes":""},"categories":[6],"tags":[],"class_list":["post-49370","post","type-post","status-publish","format-standard","has-post-thumbnail","hentry","category-noticias"],"_links":{"self":[{"href":"https:\/\/www.sincomam.org.br\/index.php\/wp-json\/wp\/v2\/posts\/49370","targetHints":{"allow":["GET"]}}],"collection":[{"href":"https:\/\/www.sincomam.org.br\/index.php\/wp-json\/wp\/v2\/posts"}],"about":[{"href":"https:\/\/www.sincomam.org.br\/index.php\/wp-json\/wp\/v2\/types\/post"}],"author":[{"embeddable":true,"href":"https:\/\/www.sincomam.org.br\/index.php\/wp-json\/wp\/v2\/users\/1527"}],"replies":[{"embeddable":true,"href":"https:\/\/www.sincomam.org.br\/index.php\/wp-json\/wp\/v2\/comments?post=49370"}],"version-history":[{"count":1,"href":"https:\/\/www.sincomam.org.br\/index.php\/wp-json\/wp\/v2\/posts\/49370\/revisions"}],"predecessor-version":[{"id":49372,"href":"https:\/\/www.sincomam.org.br\/index.php\/wp-json\/wp\/v2\/posts\/49370\/revisions\/49372"}],"wp:featuredmedia":[{"embeddable":true,"href":"https:\/\/www.sincomam.org.br\/index.php\/wp-json\/wp\/v2\/media\/49371"}],"wp:attachment":[{"href":"https:\/\/www.sincomam.org.br\/index.php\/wp-json\/wp\/v2\/media?parent=49370"}],"wp:term":[{"taxonomy":"category","embeddable":true,"href":"https:\/\/www.sincomam.org.br\/index.php\/wp-json\/wp\/v2\/categories?post=49370"},{"taxonomy":"post_tag","embeddable":true,"href":"https:\/\/www.sincomam.org.br\/index.php\/wp-json\/wp\/v2\/tags?post=49370"}],"curies":[{"name":"wp","href":"https:\/\/api.w.org\/{rel}","templated":true}]}}