{"id":49367,"date":"2024-01-12T08:44:37","date_gmt":"2024-01-12T11:44:37","guid":{"rendered":"http:\/\/www.sincomam.org.br\/?p=49367"},"modified":"2024-01-12T08:44:37","modified_gmt":"2024-01-12T11:44:37","slug":"eleitor-tem-quatro-meses-para-regularizar-titulo-e-votar-em-outubro","status":"publish","type":"post","link":"https:\/\/www.sincomam.org.br\/index.php\/eleitor-tem-quatro-meses-para-regularizar-titulo-e-votar-em-outubro\/","title":{"rendered":"Eleitor tem quatro meses para regularizar t\u00edtulo e votar em outubro"},"content":{"rendered":"<p>Os cidad\u00e3os que pretendem votar nas elei\u00e7\u00f5es municipais de outubro t\u00eam menos de quatro meses para tirar o primeiro t\u00edtulo de eleitor ou regularizar o documento. A partir de 8 de maio, o cadastro eleitoral ser\u00e1 fechado e nenhuma altera\u00e7\u00e3o poder\u00e1 ser feita nos registros eleitorais.<img decoding=\"async\" src=\"https:\/\/agenciabrasil.ebc.com.br\/ebc.png?id=1576065&amp;o=node\" \/><img decoding=\"async\" src=\"https:\/\/agenciabrasil.ebc.com.br\/ebc.gif?id=1576065&amp;o=node\" \/><\/p>\n<p>O cumprimento do prazo vale para jovens a partir de 16 anos que pretendem votar pela primeira vez e para o eleitor que est\u00e1 em situa\u00e7\u00e3o irregular por ter deixado de votar e justificar aus\u00eancia por tr\u00eas elei\u00e7\u00f5es consecutivas.<\/p>\n<p>Para regularizar a situa\u00e7\u00e3o, o eleitor deve entrar no\u00a0<a href=\"https:\/\/www.tse.jus.br\/servicos-eleitorais\/titulo-e-local-de-votacao\/copy_of_consulta-por-nome\" target=\"_blank\" rel=\"noopener\"><em>site<\/em>\u00a0do Tribunal Superior Eleitoral (TSE)\u00a0<\/a>e acessar as op\u00e7\u00f5es dispon\u00edveis. Para checar a situa\u00e7\u00e3o da inscri\u00e7\u00e3o eleitoral, basta preencher o n\u00famero do CPF.<\/p>\n<p>Para tirar a primeira via do t\u00edtulo de eleitor, os interessados podem clicar na op\u00e7\u00e3o\u00a0<a href=\"http:\/\/https\/\/www.tse.jus.br\/servicos-eleitorais\/autoatendimento-eleitoral#\/\" target=\"_blank\" rel=\"noopener\">t\u00edtulo eleitoral<\/a>\u00a0e seguir os passos sugeridos pelo atendimento eletr\u00f4nico.<\/p>\n<p>No primeiro turno, que ser\u00e1 realizado no dia 6 de outubro, os eleitores ir\u00e3o \u00e0s urnas para escolher prefeitos, vice-prefeitos e vereadores.<\/p>\n<p>O segundo turno est\u00e1 previsto para o dia 27 do mesmo m\u00eas em munic\u00edpios com mais 200 mil eleitores em que nenhum candidato a prefeito obteve votos suficientes para vencer a disputa na primeira rodada.<\/p>\n<p>&nbsp;<\/p>\n<p>Fonte: Ag\u00eancia Brasil<\/p>\n","protected":false},"excerpt":{"rendered":"<p>Os cidad\u00e3os que pretendem votar nas elei\u00e7\u00f5es municipais de outubro t\u00eam menos de quatro meses para tirar o primeiro t\u00edtulo de eleitor ou regularizar o&#8230;<\/p>\n","protected":false},"author":1527,"featured_media":49368,"comment_status":"closed","ping_status":"closed","sticky":false,"template":"","format":"standard","meta":{"footnotes":""},"categories":[6],"tags":[],"class_list":["post-49367","post","type-post","status-publish","format-standard","has-post-thumbnail","hentry","category-noticias"],"_links":{"self":[{"href":"https:\/\/www.sincomam.org.br\/index.php\/wp-json\/wp\/v2\/posts\/49367","targetHints":{"allow":["GET"]}}],"collection":[{"href":"https:\/\/www.sincomam.org.br\/index.php\/wp-json\/wp\/v2\/posts"}],"about":[{"href":"https:\/\/www.sincomam.org.br\/index.php\/wp-json\/wp\/v2\/types\/post"}],"author":[{"embeddable":true,"href":"https:\/\/www.sincomam.org.br\/index.php\/wp-json\/wp\/v2\/users\/1527"}],"replies":[{"embeddable":true,"href":"https:\/\/www.sincomam.org.br\/index.php\/wp-json\/wp\/v2\/comments?post=49367"}],"version-history":[{"count":1,"href":"https:\/\/www.sincomam.org.br\/index.php\/wp-json\/wp\/v2\/posts\/49367\/revisions"}],"predecessor-version":[{"id":49369,"href":"https:\/\/www.sincomam.org.br\/index.php\/wp-json\/wp\/v2\/posts\/49367\/revisions\/49369"}],"wp:featuredmedia":[{"embeddable":true,"href":"https:\/\/www.sincomam.org.br\/index.php\/wp-json\/wp\/v2\/media\/49368"}],"wp:attachment":[{"href":"https:\/\/www.sincomam.org.br\/index.php\/wp-json\/wp\/v2\/media?parent=49367"}],"wp:term":[{"taxonomy":"category","embeddable":true,"href":"https:\/\/www.sincomam.org.br\/index.php\/wp-json\/wp\/v2\/categories?post=49367"},{"taxonomy":"post_tag","embeddable":true,"href":"https:\/\/www.sincomam.org.br\/index.php\/wp-json\/wp\/v2\/tags?post=49367"}],"curies":[{"name":"wp","href":"https:\/\/api.w.org\/{rel}","templated":true}]}}