{"id":49364,"date":"2024-01-12T08:43:49","date_gmt":"2024-01-12T11:43:49","guid":{"rendered":"http:\/\/www.sincomam.org.br\/?p=49364"},"modified":"2024-01-12T08:43:49","modified_gmt":"2024-01-12T11:43:49","slug":"beneficios-do-inss-acima-do-minimo-terao-reajuste-de-371","status":"publish","type":"post","link":"https:\/\/www.sincomam.org.br\/index.php\/beneficios-do-inss-acima-do-minimo-terao-reajuste-de-371\/","title":{"rendered":"Benef\u00edcios do INSS acima do m\u00ednimo ter\u00e3o reajuste de 3,71%"},"content":{"rendered":"<p>Os benef\u00edcios do Instituto Nacional do Seguro Social (INSS) acima de um sal\u00e1rio m\u00ednimo subir\u00e3o 3,71% neste ano, confirmou hoje (11) o Minist\u00e9rio da Previd\u00eancia Social. O reajuste seguir\u00e1 o \u00cdndice Nacional de Pre\u00e7os ao Consumidor (INPC) do ano passado, divulgado mais cedo pelo Instituto Brasileiro de Geografia e Estat\u00edstica (IBGE).<img decoding=\"async\" src=\"https:\/\/agenciabrasil.ebc.com.br\/ebc.png?id=1576155&amp;o=node\" \/><img decoding=\"async\" src=\"https:\/\/agenciabrasil.ebc.com.br\/ebc.gif?id=1576155&amp;o=node\" \/><\/p>\n<p>Com a defini\u00e7\u00e3o do \u00edndice de reajuste, o teto do INSS subir\u00e1 R$ 278,52. Os benef\u00edcios de valor mais alto passar\u00e3o de R$ 7.507,49 no ano passado para R$ 7.786,01 em 2024.<\/p>\n<p>Al\u00e9m de corrigir os benef\u00edcios acima de um sal\u00e1rio m\u00ednimo, o INPC tamb\u00e9m \u00e9 aplicado para o reajuste das contribui\u00e7\u00f5es para a Previd\u00eancia Social. Essas contribui\u00e7\u00f5es sobem conforme o sal\u00e1rio. Quanto mais o trabalhador na ativa recebe, mais est\u00e1 sujeito a al\u00edquotas adicionais que elevam a contribui\u00e7\u00e3o.<\/p>\n<p>Os benef\u00edcios atrelados ao sal\u00e1rio m\u00ednimo subir\u00e3o 8,4%, de R$ 1.320 para R$ 1.412. A varia\u00e7\u00e3o corresponde \u00e0 pol\u00edtica corre\u00e7\u00e3o aprovada em agosto do ano passado, que prev\u00ea a reposi\u00e7\u00e3o da infla\u00e7\u00e3o pelo INPC do ano anterior, mais o crescimento do Produto Interno Bruto (PIB) de dois anos antes.<\/p>\n<p>O\u00a0decreto com o valor do sal\u00e1rio m\u00ednimo, que responde pela maior parte dos benef\u00edcios da Previd\u00eancia Social, foi assinado no fim de dezembro pelo presidente Luiz In\u00e1cio Lula da Silva.<\/p>\n<p>O INSS come\u00e7ar\u00e1 a pagar os benef\u00edcios de janeiro no fim do m\u00eas. Para quem ganha um sal\u00e1rio m\u00ednimo, o pagamento da aposentadoria, pens\u00e3o ou aux\u00edlio ser\u00e1 feito entre 25 de janeiro e 7 de fevereiro. Quem recebe al\u00e9m do m\u00ednimo ter\u00e1 o benef\u00edcio depositado entre 1\u00ba e 7 de fevereiro.<\/p>\n<p>Fonte: Ag\u00eancia Brasil<\/p>\n","protected":false},"excerpt":{"rendered":"<p>Os benef\u00edcios do Instituto Nacional do Seguro Social (INSS) acima de um sal\u00e1rio m\u00ednimo subir\u00e3o 3,71% neste ano, confirmou hoje (11) o Minist\u00e9rio da Previd\u00eancia&#8230;<\/p>\n","protected":false},"author":1527,"featured_media":49365,"comment_status":"closed","ping_status":"closed","sticky":false,"template":"","format":"standard","meta":{"footnotes":""},"categories":[6],"tags":[],"class_list":["post-49364","post","type-post","status-publish","format-standard","has-post-thumbnail","hentry","category-noticias"],"_links":{"self":[{"href":"https:\/\/www.sincomam.org.br\/index.php\/wp-json\/wp\/v2\/posts\/49364","targetHints":{"allow":["GET"]}}],"collection":[{"href":"https:\/\/www.sincomam.org.br\/index.php\/wp-json\/wp\/v2\/posts"}],"about":[{"href":"https:\/\/www.sincomam.org.br\/index.php\/wp-json\/wp\/v2\/types\/post"}],"author":[{"embeddable":true,"href":"https:\/\/www.sincomam.org.br\/index.php\/wp-json\/wp\/v2\/users\/1527"}],"replies":[{"embeddable":true,"href":"https:\/\/www.sincomam.org.br\/index.php\/wp-json\/wp\/v2\/comments?post=49364"}],"version-history":[{"count":1,"href":"https:\/\/www.sincomam.org.br\/index.php\/wp-json\/wp\/v2\/posts\/49364\/revisions"}],"predecessor-version":[{"id":49366,"href":"https:\/\/www.sincomam.org.br\/index.php\/wp-json\/wp\/v2\/posts\/49364\/revisions\/49366"}],"wp:featuredmedia":[{"embeddable":true,"href":"https:\/\/www.sincomam.org.br\/index.php\/wp-json\/wp\/v2\/media\/49365"}],"wp:attachment":[{"href":"https:\/\/www.sincomam.org.br\/index.php\/wp-json\/wp\/v2\/media?parent=49364"}],"wp:term":[{"taxonomy":"category","embeddable":true,"href":"https:\/\/www.sincomam.org.br\/index.php\/wp-json\/wp\/v2\/categories?post=49364"},{"taxonomy":"post_tag","embeddable":true,"href":"https:\/\/www.sincomam.org.br\/index.php\/wp-json\/wp\/v2\/tags?post=49364"}],"curies":[{"name":"wp","href":"https:\/\/api.w.org\/{rel}","templated":true}]}}