{"id":49352,"date":"2024-01-12T08:38:06","date_gmt":"2024-01-12T11:38:06","guid":{"rendered":"http:\/\/www.sincomam.org.br\/?p=49352"},"modified":"2024-01-12T08:38:06","modified_gmt":"2024-01-12T11:38:06","slug":"antaq-prorroga-periodo-de-consulta-publica-para-arrendamento-de-terminal-no-porto-de-vila-do-conde","status":"publish","type":"post","link":"https:\/\/www.sincomam.org.br\/index.php\/antaq-prorroga-periodo-de-consulta-publica-para-arrendamento-de-terminal-no-porto-de-vila-do-conde\/","title":{"rendered":"Antaq prorroga per\u00edodo de consulta p\u00fablica para arrendamento de terminal no Porto de Vila do Conde"},"content":{"rendered":"<p>A Ag\u00eancia Nacional de Transportes Aquavi\u00e1rios (Antaq) aprovou a prorroga\u00e7\u00e3o da Consulta P\u00fablica 08\/2023, que trata da \u00c1rea VDC29, localizada no Porto de Vila do Conde.<\/p>\n<p>A consulta p\u00fablica passa a valer at\u00e9 o dia 1 de fevereiro. Al\u00e9m disso, a delibera\u00e7\u00e3o aprova a realiza\u00e7\u00e3o de audi\u00eancia p\u00fablica exclusivamente virtual no pr\u00f3ximo dia 25 de janeiro, \u00e0s 10h, para aumentar a efetividade do processo de participa\u00e7\u00e3o social. A audi\u00eancia ser\u00e1 presidida pelo relator do processo, o diretor Wilson Lima Filho.<\/p>\n<div id=\"beacon_091be2fe82\"><\/div>\n<p>O edital prev\u00ea que as atividades a serem desenvolvidas na \u00e1rea de arrendamento VDC29 envolvem recep\u00e7\u00e3o, armazenagem e expedi\u00e7\u00e3o de gran\u00e9is s\u00f3lidos vegetais, especialmente gr\u00e3os de soja e milho. A superf\u00edcie da \u00e1rea de arrendamento \u00e9 de 67.448m\u00b2, com conex\u00f5es de rodovia e cais. O prazo de arrendamento ser\u00e1 de 25 anos.<\/p>\n<p>A sess\u00e3o virtual ser\u00e1 transmitida via streaming pela Internet, gravada e disponibilizada no canal da Antaq no Youtube. N\u00e3o \u00e9 necess\u00e1ria inscri\u00e7\u00e3o para assistir a audi\u00eancia p\u00fablica.<\/p>\n<p>Os interessados em manifestar-se na audi\u00eancia dever\u00e3o se inscrever pelo aplicativo de mensagens Whatsapp no n\u00famero (61) 2029-6940. O per\u00edodo de inscri\u00e7\u00e3o ser\u00e1 das 12h \u00e0s 17h do dia 24 de janeiro de 2024.<\/p>\n<p>&nbsp;<\/p>\n<p>Fonte: Portos e Navios<\/p>\n","protected":false},"excerpt":{"rendered":"<p>A Ag\u00eancia Nacional de Transportes Aquavi\u00e1rios (Antaq) aprovou a prorroga\u00e7\u00e3o da Consulta P\u00fablica 08\/2023, que trata da \u00c1rea VDC29, localizada no Porto de Vila do&#8230;<\/p>\n","protected":false},"author":1527,"featured_media":49353,"comment_status":"closed","ping_status":"closed","sticky":false,"template":"","format":"standard","meta":{"footnotes":""},"categories":[6],"tags":[],"class_list":["post-49352","post","type-post","status-publish","format-standard","has-post-thumbnail","hentry","category-noticias"],"_links":{"self":[{"href":"https:\/\/www.sincomam.org.br\/index.php\/wp-json\/wp\/v2\/posts\/49352","targetHints":{"allow":["GET"]}}],"collection":[{"href":"https:\/\/www.sincomam.org.br\/index.php\/wp-json\/wp\/v2\/posts"}],"about":[{"href":"https:\/\/www.sincomam.org.br\/index.php\/wp-json\/wp\/v2\/types\/post"}],"author":[{"embeddable":true,"href":"https:\/\/www.sincomam.org.br\/index.php\/wp-json\/wp\/v2\/users\/1527"}],"replies":[{"embeddable":true,"href":"https:\/\/www.sincomam.org.br\/index.php\/wp-json\/wp\/v2\/comments?post=49352"}],"version-history":[{"count":1,"href":"https:\/\/www.sincomam.org.br\/index.php\/wp-json\/wp\/v2\/posts\/49352\/revisions"}],"predecessor-version":[{"id":49354,"href":"https:\/\/www.sincomam.org.br\/index.php\/wp-json\/wp\/v2\/posts\/49352\/revisions\/49354"}],"wp:featuredmedia":[{"embeddable":true,"href":"https:\/\/www.sincomam.org.br\/index.php\/wp-json\/wp\/v2\/media\/49353"}],"wp:attachment":[{"href":"https:\/\/www.sincomam.org.br\/index.php\/wp-json\/wp\/v2\/media?parent=49352"}],"wp:term":[{"taxonomy":"category","embeddable":true,"href":"https:\/\/www.sincomam.org.br\/index.php\/wp-json\/wp\/v2\/categories?post=49352"},{"taxonomy":"post_tag","embeddable":true,"href":"https:\/\/www.sincomam.org.br\/index.php\/wp-json\/wp\/v2\/tags?post=49352"}],"curies":[{"name":"wp","href":"https:\/\/api.w.org\/{rel}","templated":true}]}}