{"id":49347,"date":"2024-01-11T07:58:47","date_gmt":"2024-01-11T10:58:47","guid":{"rendered":"http:\/\/www.sincomam.org.br\/?p=49347"},"modified":"2024-01-11T08:01:32","modified_gmt":"2024-01-11T11:01:32","slug":"sincomam-visita-a-navalshore","status":"publish","type":"post","link":"https:\/\/www.sincomam.org.br\/index.php\/sincomam-visita-a-navalshore\/","title":{"rendered":"SINCOMAM visita a Navalshore"},"content":{"rendered":"<p>O SINCOMAM esteve presente na 17\u00aa edi\u00e7\u00e3o da Navalshore, que aconteceu no m\u00eas de agosto de 2023, no Centro de Conven\u00e7\u00f5es ExpoMag, no Rio de Janeiro. A Feira da Ind\u00fastria Mar\u00edtima foi um term\u00f4metro positivo em rela\u00e7\u00e3o \u00e0 perspectiva do reaquecimento da constru\u00e7\u00e3o naval no pa\u00eds.<\/p>\n<p>\u201cFoi um evento muito produtivo, e demonstrou que a ind\u00fastria naval brasileira est\u00e1 retomando o crescimento e com isso gerando empregos necess\u00e1rios para que nossa economia volte a crescer\u201d, disse Sr. Albernoz diretor presidente do SINCOMAM.<\/p>\n<p>Com a participa\u00e7\u00e3o de 91 expositores e mais de 400 marcas representantes de todos os elos da cadeia da ind\u00fastria naval, mais de 12 mil pessoas estiveram presentes na Navalshore. A feira foi o encontro dos segmentos naval e offshore, reunindo trabalhadores do meio mar\u00edtimo, estaleiros, fabricantes e fornecedores nacionais e internacionais para fomentar neg\u00f3cios e promover o debate sobre o reaquecimento do setor.<\/p>\n<p>O evento foi palco tamb\u00e9m de confer\u00eancias, que promoveram discuss\u00f5es em torno de temas como os caminhos para o fortalecimento da ind\u00fastria naval e offshore e a transi\u00e7\u00e3o energ\u00e9tica na ind\u00fastria mar\u00edtima e reuniu especialistas do Brasil e de outros pa\u00edses.<\/p>\n<p><strong>Sobre a Navalshore Organiza\u00e7\u00e3o de Eventos<\/strong><\/p>\n<p>A Navalshore \u00e9 realizada desde 2004 no Rio de Janeiro. Um p\u00fablico total superior a 140 mil pessoas j\u00e1 passou pela feira, reunindo profissionais, empres\u00e1rios e representantes do poder p\u00fablico. Paralelamente \u00e0 feira, a\u00a0 cada edi\u00e7\u00e3o s\u00e3o promovidos cursos, workshops e confer\u00eancias, tendo sido realizados mais de 600 destes eventos. A 18\u00aa edi\u00e7\u00e3o da Navalshore ser\u00e1 realizada de 20 a 22 de agosto, no Expomag, no Rio de Janeiro.<\/p>\n","protected":false},"excerpt":{"rendered":"<p>O SINCOMAM esteve presente na 17\u00aa edi\u00e7\u00e3o da Navalshore, que aconteceu no m\u00eas de agosto de 2023, no Centro de Conven\u00e7\u00f5es ExpoMag, no Rio de&#8230;<\/p>\n","protected":false},"author":1527,"featured_media":49351,"comment_status":"closed","ping_status":"closed","sticky":false,"template":"","format":"standard","meta":{"footnotes":""},"categories":[6],"tags":[],"class_list":["post-49347","post","type-post","status-publish","format-standard","has-post-thumbnail","hentry","category-noticias"],"_links":{"self":[{"href":"https:\/\/www.sincomam.org.br\/index.php\/wp-json\/wp\/v2\/posts\/49347","targetHints":{"allow":["GET"]}}],"collection":[{"href":"https:\/\/www.sincomam.org.br\/index.php\/wp-json\/wp\/v2\/posts"}],"about":[{"href":"https:\/\/www.sincomam.org.br\/index.php\/wp-json\/wp\/v2\/types\/post"}],"author":[{"embeddable":true,"href":"https:\/\/www.sincomam.org.br\/index.php\/wp-json\/wp\/v2\/users\/1527"}],"replies":[{"embeddable":true,"href":"https:\/\/www.sincomam.org.br\/index.php\/wp-json\/wp\/v2\/comments?post=49347"}],"version-history":[{"count":1,"href":"https:\/\/www.sincomam.org.br\/index.php\/wp-json\/wp\/v2\/posts\/49347\/revisions"}],"predecessor-version":[{"id":49349,"href":"https:\/\/www.sincomam.org.br\/index.php\/wp-json\/wp\/v2\/posts\/49347\/revisions\/49349"}],"wp:featuredmedia":[{"embeddable":true,"href":"https:\/\/www.sincomam.org.br\/index.php\/wp-json\/wp\/v2\/media\/49351"}],"wp:attachment":[{"href":"https:\/\/www.sincomam.org.br\/index.php\/wp-json\/wp\/v2\/media?parent=49347"}],"wp:term":[{"taxonomy":"category","embeddable":true,"href":"https:\/\/www.sincomam.org.br\/index.php\/wp-json\/wp\/v2\/categories?post=49347"},{"taxonomy":"post_tag","embeddable":true,"href":"https:\/\/www.sincomam.org.br\/index.php\/wp-json\/wp\/v2\/tags?post=49347"}],"curies":[{"name":"wp","href":"https:\/\/api.w.org\/{rel}","templated":true}]}}