{"id":49344,"date":"2024-01-11T07:53:53","date_gmt":"2024-01-11T10:53:53","guid":{"rendered":"http:\/\/www.sincomam.org.br\/?p=49344"},"modified":"2024-01-11T07:53:53","modified_gmt":"2024-01-11T10:53:53","slug":"petrobras-nao-renovara-licenca-de-marca-para-a-vibra","status":"publish","type":"post","link":"https:\/\/www.sincomam.org.br\/index.php\/petrobras-nao-renovara-licenca-de-marca-para-a-vibra\/","title":{"rendered":"Petrobras n\u00e3o renovar\u00e1 licen\u00e7a de marca para a Vibra"},"content":{"rendered":"<p>A Petrobras notificou a Vibra Energia nesta ter\u00e7a-feira (9) que n\u00e3o tem interesse em prorrogar o prazo de vig\u00eancia nos termos do atual contrato de licen\u00e7a de uso de marcas da companhia, que se iniciou em 28 de junho de 2019 e ser\u00e1 encerrada em 28 de junho de 2029.<\/p>\n<p>O contrato seguir\u00e1 vigente at\u00e9 o prazo final. Em nota, a Petrobras informa que a n\u00e3o renova\u00e7\u00e3o da licen\u00e7a permitir\u00e1 a eventual avalia\u00e7\u00e3o de novas estrat\u00e9gias de gest\u00e3o de marca e oportunidades de neg\u00f3cios para a Petrobras.<\/p>\n","protected":false},"excerpt":{"rendered":"<p>A Petrobras notificou a Vibra Energia nesta ter\u00e7a-feira (9) que n\u00e3o tem interesse em prorrogar o prazo de vig\u00eancia nos termos do atual contrato de&#8230;<\/p>\n","protected":false},"author":1527,"featured_media":49345,"comment_status":"closed","ping_status":"closed","sticky":false,"template":"","format":"standard","meta":{"footnotes":""},"categories":[6],"tags":[],"class_list":["post-49344","post","type-post","status-publish","format-standard","has-post-thumbnail","hentry","category-noticias"],"_links":{"self":[{"href":"https:\/\/www.sincomam.org.br\/index.php\/wp-json\/wp\/v2\/posts\/49344","targetHints":{"allow":["GET"]}}],"collection":[{"href":"https:\/\/www.sincomam.org.br\/index.php\/wp-json\/wp\/v2\/posts"}],"about":[{"href":"https:\/\/www.sincomam.org.br\/index.php\/wp-json\/wp\/v2\/types\/post"}],"author":[{"embeddable":true,"href":"https:\/\/www.sincomam.org.br\/index.php\/wp-json\/wp\/v2\/users\/1527"}],"replies":[{"embeddable":true,"href":"https:\/\/www.sincomam.org.br\/index.php\/wp-json\/wp\/v2\/comments?post=49344"}],"version-history":[{"count":1,"href":"https:\/\/www.sincomam.org.br\/index.php\/wp-json\/wp\/v2\/posts\/49344\/revisions"}],"predecessor-version":[{"id":49346,"href":"https:\/\/www.sincomam.org.br\/index.php\/wp-json\/wp\/v2\/posts\/49344\/revisions\/49346"}],"wp:featuredmedia":[{"embeddable":true,"href":"https:\/\/www.sincomam.org.br\/index.php\/wp-json\/wp\/v2\/media\/49345"}],"wp:attachment":[{"href":"https:\/\/www.sincomam.org.br\/index.php\/wp-json\/wp\/v2\/media?parent=49344"}],"wp:term":[{"taxonomy":"category","embeddable":true,"href":"https:\/\/www.sincomam.org.br\/index.php\/wp-json\/wp\/v2\/categories?post=49344"},{"taxonomy":"post_tag","embeddable":true,"href":"https:\/\/www.sincomam.org.br\/index.php\/wp-json\/wp\/v2\/tags?post=49344"}],"curies":[{"name":"wp","href":"https:\/\/api.w.org\/{rel}","templated":true}]}}