{"id":49338,"date":"2024-01-11T07:50:15","date_gmt":"2024-01-11T10:50:15","guid":{"rendered":"http:\/\/www.sincomam.org.br\/?p=49338"},"modified":"2024-01-11T07:52:14","modified_gmt":"2024-01-11T10:52:14","slug":"incendio-em-embarcacao-em-florianopolis-um-alerta-para-a-seguranca-maritima","status":"publish","type":"post","link":"https:\/\/www.sincomam.org.br\/index.php\/incendio-em-embarcacao-em-florianopolis-um-alerta-para-a-seguranca-maritima\/","title":{"rendered":"Inc\u00eandio em Embarca\u00e7\u00e3o em Florian\u00f3polis: Um Alerta para a Seguran\u00e7a Mar\u00edtima"},"content":{"rendered":"<p>Um incidente preocupante ocorreu na Praia do P\u00e2ntano do Sul, em Florian\u00f3polis, quando a embarca\u00e7\u00e3o \u201cSan Rafael II\u201d foi consumida pelo fogo. Este caso, que felizmente n\u00e3o resultou em feridos ou polui\u00e7\u00e3o h\u00eddrica, chamou a aten\u00e7\u00e3o para a seguran\u00e7a nas praias lotadas e a import\u00e2ncia de protocolos de emerg\u00eancia eficientes.<\/p>\n<p><strong>Cen\u00e1rio de Incidentes Mar\u00edtimos<\/strong><\/p>\n<p>Este incidente, sendo o segundo em apenas dois dias no litoral catarinense, destaca uma tend\u00eancia alarmante. A frequ\u00eancia desses acidentes levanta quest\u00f5es sobre as medidas de seguran\u00e7a adotadas por embarca\u00e7\u00f5es e as pr\u00e1ticas de manuten\u00e7\u00e3o e inspe\u00e7\u00e3o regulares.<\/p>\n<p><strong>Resposta das Autoridades<\/strong><\/p>\n<p>A Capitania dos Portos de Santa Catarina agiu prontamente, iniciando uma investiga\u00e7\u00e3o para determinar as causas e responsabilidades. Este procedimento \u00e9 crucial para entender n\u00e3o apenas o que ocorreu, mas tamb\u00e9m para desenvolver estrat\u00e9gias para prevenir futuros incidentes.<\/p>\n<p><strong>Implica\u00e7\u00f5es para a Seguran\u00e7a P\u00fablica<\/strong><\/p>\n<p>A presen\u00e7a de praias lotadas nas proximidades do incidente real\u00e7a a import\u00e2ncia de protocolos de seguran\u00e7a robustos e treinamento adequado para as equipes de resposta a emerg\u00eancias. A coordena\u00e7\u00e3o entre os bombeiros, a Capitania dos Portos e outros \u00f3rg\u00e3os relevantes \u00e9 essencial para garantir a seguran\u00e7a p\u00fablica.<\/p>\n<p>&nbsp;<\/p>\n<p>Fonte: Defesa em Foco<\/p>\n","protected":false},"excerpt":{"rendered":"<p>Um incidente preocupante ocorreu na Praia do P\u00e2ntano do Sul, em Florian\u00f3polis, quando a embarca\u00e7\u00e3o \u201cSan Rafael II\u201d foi consumida pelo fogo. Este caso, que&#8230;<\/p>\n","protected":false},"author":1527,"featured_media":49339,"comment_status":"closed","ping_status":"closed","sticky":false,"template":"","format":"standard","meta":{"footnotes":""},"categories":[6],"tags":[],"class_list":["post-49338","post","type-post","status-publish","format-standard","has-post-thumbnail","hentry","category-noticias"],"_links":{"self":[{"href":"https:\/\/www.sincomam.org.br\/index.php\/wp-json\/wp\/v2\/posts\/49338","targetHints":{"allow":["GET"]}}],"collection":[{"href":"https:\/\/www.sincomam.org.br\/index.php\/wp-json\/wp\/v2\/posts"}],"about":[{"href":"https:\/\/www.sincomam.org.br\/index.php\/wp-json\/wp\/v2\/types\/post"}],"author":[{"embeddable":true,"href":"https:\/\/www.sincomam.org.br\/index.php\/wp-json\/wp\/v2\/users\/1527"}],"replies":[{"embeddable":true,"href":"https:\/\/www.sincomam.org.br\/index.php\/wp-json\/wp\/v2\/comments?post=49338"}],"version-history":[{"count":1,"href":"https:\/\/www.sincomam.org.br\/index.php\/wp-json\/wp\/v2\/posts\/49338\/revisions"}],"predecessor-version":[{"id":49340,"href":"https:\/\/www.sincomam.org.br\/index.php\/wp-json\/wp\/v2\/posts\/49338\/revisions\/49340"}],"wp:featuredmedia":[{"embeddable":true,"href":"https:\/\/www.sincomam.org.br\/index.php\/wp-json\/wp\/v2\/media\/49339"}],"wp:attachment":[{"href":"https:\/\/www.sincomam.org.br\/index.php\/wp-json\/wp\/v2\/media?parent=49338"}],"wp:term":[{"taxonomy":"category","embeddable":true,"href":"https:\/\/www.sincomam.org.br\/index.php\/wp-json\/wp\/v2\/categories?post=49338"},{"taxonomy":"post_tag","embeddable":true,"href":"https:\/\/www.sincomam.org.br\/index.php\/wp-json\/wp\/v2\/tags?post=49338"}],"curies":[{"name":"wp","href":"https:\/\/api.w.org\/{rel}","templated":true}]}}