{"id":49335,"date":"2024-01-11T07:48:31","date_gmt":"2024-01-11T10:48:31","guid":{"rendered":"http:\/\/www.sincomam.org.br\/?p=49335"},"modified":"2024-01-11T07:48:31","modified_gmt":"2024-01-11T10:48:31","slug":"governo-vai-nacionalizar-producao-de-biocombustiveis","status":"publish","type":"post","link":"https:\/\/www.sincomam.org.br\/index.php\/governo-vai-nacionalizar-producao-de-biocombustiveis\/","title":{"rendered":"Governo vai nacionalizar produ\u00e7\u00e3o de biocombust\u00edveis"},"content":{"rendered":"<p>O governo federal atualizar\u00e1 as regras do Selo Biocombust\u00edvel Social, de forma a garantir que metade das compras desse produto tenha como origem a agricultura familiar. Entre as mudan\u00e7as est\u00e1 a de nacionalizar a produ\u00e7\u00e3o, em especial para os estados das Regi\u00f5es Norte e Nordeste, incluindo tamb\u00e9m \u00e1reas do semi\u00e1rido, como o Vale do Jequitinhonha, em Minas Gerais.<\/p>\n<p>A reestrutura\u00e7\u00e3o do selo ser\u00e1 publicada em decreto presidencial, ap\u00f3s a vers\u00e3o final do texto a ser apresentada ao presidente Luiz In\u00e1cio Lula da Silva.<\/p>\n<div id=\"beacon_761af36aa3\"><\/div>\n<p>Segundo o Minist\u00e9rio de Minas e Energia (MME), o novo texto traz mais transpar\u00eancia e fortalece os requisitos necess\u00e1rios \u00e0 concess\u00e3o e manuten\u00e7\u00e3o do instrumento pelos produtores do biocombust\u00edvel, bem como aproveitar a voca\u00e7\u00e3o das agriculturas locais, \u201cmelhorando a renda e a qualidade de vida do agricultor familiar em regi\u00f5es vulner\u00e1veis.\u201d<\/p>\n<p>Entre as medidas de est\u00edmulo \u00e0 produ\u00e7\u00e3o nacional est\u00e1 a antecipa\u00e7\u00e3o da mistura de biodiesel aos combust\u00edveis f\u00f3sseis para 14% a partir de abril, e 15% entre 2025 e 2026. A expectativa \u00e9 chegar a 25%, nos anos subsequentes, informou o ministro de Minas e Energia, Alexandre Silveira, nesta quarta-feira (10), em evento no qual apresentou alguns detalhes do decreto.<\/p>\n<p>Com o aumento para 14% na mistura, o minist\u00e9rio projeta um crescimento de 3,05 milh\u00f5es de toneladas no processamento de soja para a produ\u00e7\u00e3o de biodiesel, o que refletir\u00e1 diretamente na demanda para pequenos agricultores. Tamb\u00e9m est\u00e3o previstos incentivos fiscais a quem produzir biocombust\u00edvel.<\/p>\n<p>Al\u00e9m de reestruturar o Selo Biocombust\u00edvel Social, o decreto viabilizar\u00e1 investimentos para o agroneg\u00f3cio e setor de combust\u00edveis brasileiro. \u201cEm 2024 ser\u00e3o 740 milh\u00f5es, e em 2025, R$ 1,6 bilh\u00e3o\u201d, disse o ministro.<\/p>\n<p>Fonte: Portos e Navios<\/p>\n","protected":false},"excerpt":{"rendered":"<p>O governo federal atualizar\u00e1 as regras do Selo Biocombust\u00edvel Social, de forma a garantir que metade das compras desse produto tenha como origem a agricultura&#8230;<\/p>\n","protected":false},"author":1527,"featured_media":49336,"comment_status":"closed","ping_status":"closed","sticky":false,"template":"","format":"standard","meta":{"footnotes":""},"categories":[6],"tags":[],"class_list":["post-49335","post","type-post","status-publish","format-standard","has-post-thumbnail","hentry","category-noticias"],"_links":{"self":[{"href":"https:\/\/www.sincomam.org.br\/index.php\/wp-json\/wp\/v2\/posts\/49335","targetHints":{"allow":["GET"]}}],"collection":[{"href":"https:\/\/www.sincomam.org.br\/index.php\/wp-json\/wp\/v2\/posts"}],"about":[{"href":"https:\/\/www.sincomam.org.br\/index.php\/wp-json\/wp\/v2\/types\/post"}],"author":[{"embeddable":true,"href":"https:\/\/www.sincomam.org.br\/index.php\/wp-json\/wp\/v2\/users\/1527"}],"replies":[{"embeddable":true,"href":"https:\/\/www.sincomam.org.br\/index.php\/wp-json\/wp\/v2\/comments?post=49335"}],"version-history":[{"count":1,"href":"https:\/\/www.sincomam.org.br\/index.php\/wp-json\/wp\/v2\/posts\/49335\/revisions"}],"predecessor-version":[{"id":49337,"href":"https:\/\/www.sincomam.org.br\/index.php\/wp-json\/wp\/v2\/posts\/49335\/revisions\/49337"}],"wp:featuredmedia":[{"embeddable":true,"href":"https:\/\/www.sincomam.org.br\/index.php\/wp-json\/wp\/v2\/media\/49336"}],"wp:attachment":[{"href":"https:\/\/www.sincomam.org.br\/index.php\/wp-json\/wp\/v2\/media?parent=49335"}],"wp:term":[{"taxonomy":"category","embeddable":true,"href":"https:\/\/www.sincomam.org.br\/index.php\/wp-json\/wp\/v2\/categories?post=49335"},{"taxonomy":"post_tag","embeddable":true,"href":"https:\/\/www.sincomam.org.br\/index.php\/wp-json\/wp\/v2\/tags?post=49335"}],"curies":[{"name":"wp","href":"https:\/\/api.w.org\/{rel}","templated":true}]}}