{"id":4932,"date":"2014-04-15T09:34:13","date_gmt":"2014-04-15T12:34:13","guid":{"rendered":"http:\/\/www.sincomam.org.br\/?p=4932"},"modified":"2014-04-15T10:39:28","modified_gmt":"2014-04-15T13:39:28","slug":"estatal-nao-dava-prioridade-para-comprar-no-pais-diz-dilma","status":"publish","type":"post","link":"https:\/\/www.sincomam.org.br\/index.php\/estatal-nao-dava-prioridade-para-comprar-no-pais-diz-dilma\/","title":{"rendered":"Estatal n\u00e3o dava prioridade para comprar no Pa\u00eds, diz Dilma"},"content":{"rendered":"<p><b><i>Dilma Rousseff durante cerim\u00f4nia alusiva \u00e0 viagem inaugural do navio Drag\u00e3o do Mar e batismo do navio Henrique Dias no Estaleiro Atl\u00e2ntico Sul<\/i><\/b><\/p>\n<p>A presidente Dilma Rousseff repetiu na tarde desta segunda-feira que a Petrobras n\u00e3o dava prioridade para &#8220;comprar o que podia ser comprado no Brasil&#8221;.<\/p>\n<p>&#8220;Foi com uma decis\u00e3o que n\u00f3s mudamos: vamos produzir no Brasil, porque o Pa\u00eds tem condi\u00e7\u00f5es&#8221;, reiterou a presidente em evento em Serra Talhada (PE), repetindo declara\u00e7\u00f5es ditas no per\u00edodo da manh\u00e3, no Estaleiro Atl\u00e2ntico Sul, em Ipojuca (PE). &#8220;O Brasil tem trabalhadores competentes que podem produzir, empres\u00e1rios que podem se organizar e produzir&#8221;, disse Dilma.<\/p>\n<p>Ela lembrou que o Pa\u00eds j\u00e1 foi o segundo maior polo naval do mundo, na d\u00e9cada de 1980.\u00a0&#8220;Diziam que n\u00f3s n\u00e3o t\u00ednhamos compet\u00eancia para fazer isso, que o povo brasileiro n\u00e3o seria capaz de construir um casco de navio. N\u00e3o s\u00f3 \u00e9 capaz de construir um casco como ele faz um navio inteiro&#8221;, afirmou a presidente, dizendo que ficou &#8220;muito alegre&#8221; na manh\u00e3 desta segunda-feira ao participar da cerim\u00f4nia de viagem inaugural do navio petroleiro Drag\u00e3o do Mar e batismo do navio Henrique Dias. &#8220;L\u00e1 estava a prova de que n\u00f3s somos capazes, sim&#8221;, afirmou Dilma Rousseff.<\/p>\n<p>Fonte: Exame\/Estad\u00e3o Conte\u00fado &#8211;\u00a0Foto: Roberto Stuckert Filho\/PR<\/p>\n","protected":false},"excerpt":{"rendered":"<p>Dilma Rousseff durante cerim\u00f4nia alusiva \u00e0 viagem inaugural do navio Drag\u00e3o do Mar e batismo do navio Henrique Dias no Estaleiro Atl\u00e2ntico Sul A presidente&#8230;<\/p>\n","protected":false},"author":1182,"featured_media":4933,"comment_status":"closed","ping_status":"closed","sticky":false,"template":"","format":"standard","meta":{"footnotes":""},"categories":[6],"tags":[780],"class_list":["post-4932","post","type-post","status-publish","format-standard","has-post-thumbnail","hentry","category-noticias","tag-dilma-rousseff"],"_links":{"self":[{"href":"https:\/\/www.sincomam.org.br\/index.php\/wp-json\/wp\/v2\/posts\/4932","targetHints":{"allow":["GET"]}}],"collection":[{"href":"https:\/\/www.sincomam.org.br\/index.php\/wp-json\/wp\/v2\/posts"}],"about":[{"href":"https:\/\/www.sincomam.org.br\/index.php\/wp-json\/wp\/v2\/types\/post"}],"author":[{"embeddable":true,"href":"https:\/\/www.sincomam.org.br\/index.php\/wp-json\/wp\/v2\/users\/1182"}],"replies":[{"embeddable":true,"href":"https:\/\/www.sincomam.org.br\/index.php\/wp-json\/wp\/v2\/comments?post=4932"}],"version-history":[{"count":2,"href":"https:\/\/www.sincomam.org.br\/index.php\/wp-json\/wp\/v2\/posts\/4932\/revisions"}],"predecessor-version":[{"id":4935,"href":"https:\/\/www.sincomam.org.br\/index.php\/wp-json\/wp\/v2\/posts\/4932\/revisions\/4935"}],"wp:featuredmedia":[{"embeddable":true,"href":"https:\/\/www.sincomam.org.br\/index.php\/wp-json\/wp\/v2\/media\/4933"}],"wp:attachment":[{"href":"https:\/\/www.sincomam.org.br\/index.php\/wp-json\/wp\/v2\/media?parent=4932"}],"wp:term":[{"taxonomy":"category","embeddable":true,"href":"https:\/\/www.sincomam.org.br\/index.php\/wp-json\/wp\/v2\/categories?post=4932"},{"taxonomy":"post_tag","embeddable":true,"href":"https:\/\/www.sincomam.org.br\/index.php\/wp-json\/wp\/v2\/tags?post=4932"}],"curies":[{"name":"wp","href":"https:\/\/api.w.org\/{rel}","templated":true}]}}