{"id":49281,"date":"2024-01-09T12:49:52","date_gmt":"2024-01-09T15:49:52","guid":{"rendered":"http:\/\/www.sincomam.org.br\/?p=49281"},"modified":"2024-01-09T12:50:16","modified_gmt":"2024-01-09T15:50:16","slug":"sincomam-participa-do-evento-sobre-os-80-anos-de-clt-e-o-futuro-do-direito-sindical-2","status":"publish","type":"post","link":"https:\/\/www.sincomam.org.br\/index.php\/sincomam-participa-do-evento-sobre-os-80-anos-de-clt-e-o-futuro-do-direito-sindical-2\/","title":{"rendered":"SINCOMAM participa do evento sobre os 80 anos de CLT e o futuro do direito sindical"},"content":{"rendered":"<p>O SINCOMAM participou em julho do evento \u201c80 anos de CLT e o futuro do Direito Sindical\u201d, realizado no Instituto os Advogados Brasileiros (IAB). A ocasi\u00e3o foi uma oportunidade de celebrar e refletir sobre a CLT, um marco\u00a0 Importante na hist\u00f3ria dos direitos trabalhistas no Brasil, e discutir as perspectivas e desafios futuros do Direito Sindical.<\/p>\n<p>Os pain\u00e9is apresentados discutiram sobre os desafios atuais enfrentados pelos sindicatos e trabalhadores, o cen\u00e1rio p\u00f3s reforma trabalhista e as mudan\u00e7as tecnol\u00f3gicas e sociais que impactam o \u00e2mbito do trabalho.<\/p>\n<p>A presen\u00e7a do SINCOMAM no evento teve o intuito de refor\u00e7ar a import\u00e2ncia da participa\u00e7\u00e3o ativa dos sindicatos os debates de pol\u00edticas p\u00fablicas relacionadas ao futuro do trabalhador, bem como na promo\u00e7\u00e3o da justi\u00e7a social e prote\u00e7\u00e3o dos direitos trabalhistas.<\/p>\n","protected":false},"excerpt":{"rendered":"<p>O SINCOMAM participou em julho do evento \u201c80 anos de CLT e o futuro do Direito Sindical\u201d, realizado no Instituto os Advogados Brasileiros (IAB). A&#8230;<\/p>\n","protected":false},"author":1527,"featured_media":49282,"comment_status":"closed","ping_status":"closed","sticky":false,"template":"","format":"standard","meta":{"footnotes":""},"categories":[6],"tags":[],"class_list":["post-49281","post","type-post","status-publish","format-standard","has-post-thumbnail","hentry","category-noticias"],"_links":{"self":[{"href":"https:\/\/www.sincomam.org.br\/index.php\/wp-json\/wp\/v2\/posts\/49281","targetHints":{"allow":["GET"]}}],"collection":[{"href":"https:\/\/www.sincomam.org.br\/index.php\/wp-json\/wp\/v2\/posts"}],"about":[{"href":"https:\/\/www.sincomam.org.br\/index.php\/wp-json\/wp\/v2\/types\/post"}],"author":[{"embeddable":true,"href":"https:\/\/www.sincomam.org.br\/index.php\/wp-json\/wp\/v2\/users\/1527"}],"replies":[{"embeddable":true,"href":"https:\/\/www.sincomam.org.br\/index.php\/wp-json\/wp\/v2\/comments?post=49281"}],"version-history":[{"count":1,"href":"https:\/\/www.sincomam.org.br\/index.php\/wp-json\/wp\/v2\/posts\/49281\/revisions"}],"predecessor-version":[{"id":49283,"href":"https:\/\/www.sincomam.org.br\/index.php\/wp-json\/wp\/v2\/posts\/49281\/revisions\/49283"}],"wp:featuredmedia":[{"embeddable":true,"href":"https:\/\/www.sincomam.org.br\/index.php\/wp-json\/wp\/v2\/media\/49282"}],"wp:attachment":[{"href":"https:\/\/www.sincomam.org.br\/index.php\/wp-json\/wp\/v2\/media?parent=49281"}],"wp:term":[{"taxonomy":"category","embeddable":true,"href":"https:\/\/www.sincomam.org.br\/index.php\/wp-json\/wp\/v2\/categories?post=49281"},{"taxonomy":"post_tag","embeddable":true,"href":"https:\/\/www.sincomam.org.br\/index.php\/wp-json\/wp\/v2\/tags?post=49281"}],"curies":[{"name":"wp","href":"https:\/\/api.w.org\/{rel}","templated":true}]}}