{"id":4928,"date":"2014-04-15T09:14:28","date_gmt":"2014-04-15T12:14:28","guid":{"rendered":"http:\/\/www.sincomam.org.br\/?p=4928"},"modified":"2014-04-15T10:25:16","modified_gmt":"2014-04-15T13:25:16","slug":"graca-foster-acreditamos-mil-vezes-na-petrobras","status":"publish","type":"post","link":"https:\/\/www.sincomam.org.br\/index.php\/graca-foster-acreditamos-mil-vezes-na-petrobras\/","title":{"rendered":"Gra\u00e7a Foster: \u201cAcreditamos mil vezes na Petrobras\u201d"},"content":{"rendered":"<p>Na v\u00e9spera de sua visita ao Senado, onde prestar\u00e1 esclarecimentos sobre a pol\u00eamica aquisi\u00e7\u00e3o da refinaria de Pasadena, nos EUA, a presidente da Petrobras, Gra\u00e7a Foster, fez uma defesa enf\u00e1tica do governo petista, afirmando que \u201cacredita mil vezes na Petrobras\u201d e pediu apoio.<\/p>\n<p>\u201cAcreditamos mil vezes na Petrobras. Neste momento preciso muito da energia de todos voc\u00eas\u201d, disse a presidente da estatal durante solenidade no Estaleiro Atl\u00e2ntico Sul, em Ipojuca (PE), onde participou do lan\u00e7amento ao mar de um petroleiro encomendado pela Transpetro.<\/p>\n<p>Gra\u00e7a lembrou do renascimento da ind\u00fastria naval brasileira e a prioridade \u00e0 utiliza\u00e7\u00e3o de conte\u00fado local. \u201cNada veio por acaso. Estou na Petrobras h\u00e1 34 anos e conte\u00fado local sempre foi um desejo, mas s\u00f3 virou realidade em 2003\u201d, disse Gra\u00e7a, ao mencionar o primeiro ano da administra\u00e7\u00e3o do ex-presidente Luiz In\u00e1cio Lula da Silva.<\/p>\n<p>De acordo com a presidente da Petrobras, foram Lula e a presidente Dilma Rousseff, ent\u00e3o ministra de Minas e Energia, os respons\u00e1veis pela prioriza\u00e7\u00e3o dada ao conte\u00fado local na ind\u00fastria do petr\u00f3leo.<\/p>\n<p>Fonte: Valor Econ\u00f4mico\/Murillo Camarotto<\/p>\n","protected":false},"excerpt":{"rendered":"<p>Na v\u00e9spera de sua visita ao Senado, onde prestar\u00e1 esclarecimentos sobre a pol\u00eamica aquisi\u00e7\u00e3o da refinaria de Pasadena, nos EUA, a presidente da Petrobras, Gra\u00e7a&#8230;<\/p>\n","protected":false},"author":1182,"featured_media":4198,"comment_status":"closed","ping_status":"closed","sticky":false,"template":"","format":"standard","meta":{"footnotes":""},"categories":[6],"tags":[],"class_list":["post-4928","post","type-post","status-publish","format-standard","has-post-thumbnail","hentry","category-noticias"],"_links":{"self":[{"href":"https:\/\/www.sincomam.org.br\/index.php\/wp-json\/wp\/v2\/posts\/4928","targetHints":{"allow":["GET"]}}],"collection":[{"href":"https:\/\/www.sincomam.org.br\/index.php\/wp-json\/wp\/v2\/posts"}],"about":[{"href":"https:\/\/www.sincomam.org.br\/index.php\/wp-json\/wp\/v2\/types\/post"}],"author":[{"embeddable":true,"href":"https:\/\/www.sincomam.org.br\/index.php\/wp-json\/wp\/v2\/users\/1182"}],"replies":[{"embeddable":true,"href":"https:\/\/www.sincomam.org.br\/index.php\/wp-json\/wp\/v2\/comments?post=4928"}],"version-history":[{"count":1,"href":"https:\/\/www.sincomam.org.br\/index.php\/wp-json\/wp\/v2\/posts\/4928\/revisions"}],"predecessor-version":[{"id":4929,"href":"https:\/\/www.sincomam.org.br\/index.php\/wp-json\/wp\/v2\/posts\/4928\/revisions\/4929"}],"wp:featuredmedia":[{"embeddable":true,"href":"https:\/\/www.sincomam.org.br\/index.php\/wp-json\/wp\/v2\/media\/4198"}],"wp:attachment":[{"href":"https:\/\/www.sincomam.org.br\/index.php\/wp-json\/wp\/v2\/media?parent=4928"}],"wp:term":[{"taxonomy":"category","embeddable":true,"href":"https:\/\/www.sincomam.org.br\/index.php\/wp-json\/wp\/v2\/categories?post=4928"},{"taxonomy":"post_tag","embeddable":true,"href":"https:\/\/www.sincomam.org.br\/index.php\/wp-json\/wp\/v2\/tags?post=4928"}],"curies":[{"name":"wp","href":"https:\/\/api.w.org\/{rel}","templated":true}]}}