{"id":49278,"date":"2024-01-09T10:24:22","date_gmt":"2024-01-09T13:24:22","guid":{"rendered":"http:\/\/www.sincomam.org.br\/?p=49278"},"modified":"2024-01-09T10:24:22","modified_gmt":"2024-01-09T13:24:22","slug":"stf-abre-mostra-nesta-terca-sobre-reconstrucao-apos-8-de-janeiro","status":"publish","type":"post","link":"https:\/\/www.sincomam.org.br\/index.php\/stf-abre-mostra-nesta-terca-sobre-reconstrucao-apos-8-de-janeiro\/","title":{"rendered":"STF abre mostra nesta ter\u00e7a sobre reconstru\u00e7\u00e3o ap\u00f3s 8 de Janeiro"},"content":{"rendered":"<p>O Supremo Tribunal Federal (STF) abre ao p\u00fablico nesta ter\u00e7a-feira (9) a exposi\u00e7\u00e3o\u00a0Ap\u00f3s 8 de janeiro: Reconstru\u00e7\u00e3o, mem\u00f3ria e democracia, com imagens da depreda\u00e7\u00e3o do pr\u00e9dio e do trabalho de recupera\u00e7\u00e3o de m\u00f3veis e objetos.\u00a0<img decoding=\"async\" src=\"https:\/\/agenciabrasil.ebc.com.br\/ebc.png?id=1575739&amp;o=node\" \/><img decoding=\"async\" src=\"https:\/\/agenciabrasil.ebc.com.br\/ebc.gif?id=1575739&amp;o=node\" \/><\/p>\n<p>A exposi\u00e7\u00e3o fica aberta ao p\u00fablico no hor\u00e1rio das 13h \u00e0s 17h, no t\u00e9rreo do edif\u00edcio-sede do Supremo.<\/p>\n<p>Ao inaugurar a exposi\u00e7\u00e3o, nessa\u00a0segunda (8), o presidente do STF, Lu\u00eds Roberto Barroso, destacou\u00a0a import\u00e2ncia de \u201cmanter viva a mem\u00f3ria\u201d do 8 de janeiro de 2023, quando v\u00e2ndalos invadiram e depredaram as sedes do Tr\u00eas Poderes, em Bras\u00edlia.<\/p>\n<p>No Supremo, os trabalhos de limpeza, recupera\u00e7\u00e3o e restauro come\u00e7aram logo ap\u00f3s os atentados, mostra a exposi\u00e7\u00e3o rec\u00e9m-inaugurada. Foi uma corrida contra o tempo, com o objetivo de viabilizar a abertura do ano judici\u00e1rio em 1\u00b0 de fevereiro de 2023..<\/p>\n<p>A mostra inclui\u00a0os \u201cpontos de mem\u00f3ria\u201d, que exp\u00f5em pe\u00e7as danificadas e fragmentos da viol\u00eancia em locais de maior circula\u00e7\u00e3o de pessoas. Um dos mais simb\u00f3licos desses pontos \u00e9 o busto avariado de Ruy Barbosa, patrono da advocacia brasileira, que fica pr\u00f3ximo \u00e0 entrada do plen\u00e1rio.<\/p>\n<p>\u201cO objetivo \u00e9 que os fatos vivenciados sejam parte da mem\u00f3ria institucional do Supremo, para que o epis\u00f3dio jamais seja esquecido e tampouco se repita\u201d, disse\u00a0o tribunal\u00a0em nota.<\/p>\n<p>Segundo estimativa oficial, os danos causados ao acervo e ao pr\u00e9dio custaram aproximadamente R$ 12 milh\u00f5es aos cofres p\u00fablicos. Ao todo, foram 951 itens furtados, quebrados ou completamente destru\u00eddos. Somente com a reconstru\u00e7\u00e3o do plen\u00e1rio foi necess\u00e1rio gastar R$ 3,4 milh\u00f5es, incluindo troca de carpetes e vidra\u00e7as.<\/p>\n<p>Entre as pe\u00e7as restauradas est\u00e3o itens simb\u00f3licos do acervo, como o Bras\u00e3o da Rep\u00fablica, a escultura em bronze A Justi\u00e7a, de Alfredo Ceschiatti e o quadro Os Bandeirantes de Ontem e de Hoje, do artista pl\u00e1stico Massanori Uragami.<\/p>\n<p>Foram perdidos 106 itens hist\u00f3ricos considerados de valor inestim\u00e1vel, como esculturas e m\u00f3veis que n\u00e3o puderam ser restaurados e n\u00e3o podem ser repostos.<\/p>\n<p>Fonte: Ag\u00eancia Brasil<\/p>\n","protected":false},"excerpt":{"rendered":"<p>O Supremo Tribunal Federal (STF) abre ao p\u00fablico nesta ter\u00e7a-feira (9) a exposi\u00e7\u00e3o\u00a0Ap\u00f3s 8 de janeiro: Reconstru\u00e7\u00e3o, mem\u00f3ria e democracia, com imagens da depreda\u00e7\u00e3o do&#8230;<\/p>\n","protected":false},"author":1527,"featured_media":49279,"comment_status":"closed","ping_status":"closed","sticky":false,"template":"","format":"standard","meta":{"footnotes":""},"categories":[6],"tags":[],"class_list":["post-49278","post","type-post","status-publish","format-standard","has-post-thumbnail","hentry","category-noticias"],"_links":{"self":[{"href":"https:\/\/www.sincomam.org.br\/index.php\/wp-json\/wp\/v2\/posts\/49278","targetHints":{"allow":["GET"]}}],"collection":[{"href":"https:\/\/www.sincomam.org.br\/index.php\/wp-json\/wp\/v2\/posts"}],"about":[{"href":"https:\/\/www.sincomam.org.br\/index.php\/wp-json\/wp\/v2\/types\/post"}],"author":[{"embeddable":true,"href":"https:\/\/www.sincomam.org.br\/index.php\/wp-json\/wp\/v2\/users\/1527"}],"replies":[{"embeddable":true,"href":"https:\/\/www.sincomam.org.br\/index.php\/wp-json\/wp\/v2\/comments?post=49278"}],"version-history":[{"count":1,"href":"https:\/\/www.sincomam.org.br\/index.php\/wp-json\/wp\/v2\/posts\/49278\/revisions"}],"predecessor-version":[{"id":49280,"href":"https:\/\/www.sincomam.org.br\/index.php\/wp-json\/wp\/v2\/posts\/49278\/revisions\/49280"}],"wp:featuredmedia":[{"embeddable":true,"href":"https:\/\/www.sincomam.org.br\/index.php\/wp-json\/wp\/v2\/media\/49279"}],"wp:attachment":[{"href":"https:\/\/www.sincomam.org.br\/index.php\/wp-json\/wp\/v2\/media?parent=49278"}],"wp:term":[{"taxonomy":"category","embeddable":true,"href":"https:\/\/www.sincomam.org.br\/index.php\/wp-json\/wp\/v2\/categories?post=49278"},{"taxonomy":"post_tag","embeddable":true,"href":"https:\/\/www.sincomam.org.br\/index.php\/wp-json\/wp\/v2\/tags?post=49278"}],"curies":[{"name":"wp","href":"https:\/\/api.w.org\/{rel}","templated":true}]}}