{"id":49252,"date":"2024-01-08T07:41:16","date_gmt":"2024-01-08T10:41:16","guid":{"rendered":"http:\/\/www.sincomam.org.br\/?p=49252"},"modified":"2024-01-08T07:41:16","modified_gmt":"2024-01-08T10:41:16","slug":"petrobras-realiza-auditoria-interna-e-analisa-venda-da-refinaria-no-governo-bolsonaro","status":"publish","type":"post","link":"https:\/\/www.sincomam.org.br\/index.php\/petrobras-realiza-auditoria-interna-e-analisa-venda-da-refinaria-no-governo-bolsonaro\/","title":{"rendered":"Petrobras realiza auditoria interna e analisa venda da refinaria no governo Bolsonaro."},"content":{"rendered":"<p>A Petrobras est\u00e1 realizando uma an\u00e1lise interna para avaliar a viabilidade da venda da Refinaria de Mataripe (BA) para a Acelen em 2021, conforme confirmado pelo presidente Jean Paul Prates. A auditoria da Controladoria Geral da Uni\u00e3o (CGU) resultou em cr\u00edticas sobre a venda, que foi fechada abaixo da avalia\u00e7\u00e3o da pr\u00f3pria Petrobras, e gerou\u00a0repercuss\u00e3o na m\u00eddia.<\/p>\n<p>O desinvestimento da Refinaria de Mataripe em meio \u00e0 pandemia e a desvaloriza\u00e7\u00e3o das cota\u00e7\u00f5es do barril de petr\u00f3leo, evidenciam os desafios enfrentados pela Petrobras e o impacto nas cadeias de produ\u00e7\u00e3o global. A conclus\u00e3o do neg\u00f3cio em um momento desafiador demonstra a estrat\u00e9gia da companhia em ajustar suas opera\u00e7\u00f5es e buscar a otimiza\u00e7\u00e3o de recursos.<\/p>\n<p>A\u00a0Controladoria Geral da Uni\u00e3o\u00a0realizou uma\u00a0investiga\u00e7\u00e3o interna\u00a0sobre o desinvestimento da Petrobras na Refinaria de Mataripe, concluindo que a empresa assumiu um risco ao prosseguir com o processo de venda em meio \u00e0 pandemia. Este fato resultou na\u00a0redu\u00e7\u00e3o de valor\u00a0da opera\u00e7\u00e3o, o que gerou questionamentos e controv\u00e9rsias em rela\u00e7\u00e3o ao valor acordado com a Mubadala Capital, fundo soberano dos Emirados \u00c1rabes Unidos, envolvido no neg\u00f3cio. Esse \u00e9 um tema que tem gerado intensos debates, uma vez que o valor final acordado foi questionado pelo Tribunal de Contas da Uni\u00e3o (TCU).<\/p>\n<p>O processo de desinvestimento da Petrobras nas refinarias tem sido objeto de muita controv\u00e9rsia, com diversas entidades questionando o valor acordado e os procedimentos administrativos envolvidos. Segundo a Federa\u00e7\u00e3o \u00danica dos Petroleiros (FUP), a venda da antiga Refinaria Landulpho Alves (Rlam) por um valor 45% inferior ao calculado pela Petrobras gerou questionamentos e a\u00e7\u00f5es judiciais em busca de puni\u00e7\u00e3o para os executivos respons\u00e1veis.<\/p>\n<p>Al\u00e9m disso, a venda das refinarias da Petrobras tem suscitado preocupa\u00e7\u00f5es em rela\u00e7\u00e3o \u00e0s\u00a0rela\u00e7\u00f5es bilaterais\u00a0do Brasil com os Emirados \u00c1rabes, bem como com as entidades envolvidas no processo de desinvestimento. A entrada iminente do Brasil na OPEP+ em 2024, grupo dos\u00a0exportadores de petr\u00f3leo\u00a0do Golfo P\u00e9rsico, tamb\u00e9m tem adianteado debate e controv\u00e9rsia em rela\u00e7\u00e3o \u00e0s vendas das refinarias.<\/p>\n<h2 id=\"h-controladoria-geral-da-uniao-e-a-venda-de-refinarias\" class=\"wp-block-heading\">Controladoria Geral da Uni\u00e3o e a venda de Refinarias<\/h2>\n<p>A Controladoria Geral da Uni\u00e3o realizou uma investiga\u00e7\u00e3o interna sobre o desinvestimento da Petrobras na Refinaria de Mataripe, concluindo que a empresa assumiu um risco ao prosseguir com o processo de venda em meio \u00e0 pandemia. Este fato resultou na redu\u00e7\u00e3o de valor da opera\u00e7\u00e3o, o que gerou questionamentos e controv\u00e9rsias em rela\u00e7\u00e3o ao valor acordado com a Mubadala Capital, fundo soberano dos Emirados \u00c1rabes Unidos, envolvido no neg\u00f3cio. Esse \u00e9 um tema que tem gerado intensos debates, uma vez que o valor final acordado foi questionado pelo Tribunal de Contas da Uni\u00e3o (TCU).<\/p>\n<p>O procedimento administrativo instaurado para avalia\u00e7\u00e3o desse desinvestimento espec\u00edfico est\u00e1 sob aprecia\u00e7\u00e3o das \u00e1reas de integridade pertinentes na companhia. Al\u00e9m disso, a Petrobras est\u00e1 colaborando com as investiga\u00e7\u00f5es dos \u00f3rg\u00e3os de controle em rela\u00e7\u00e3o \u00e0 venda da refinaria. O CEO da empresa, Jean Paul Prates, reiterou a import\u00e2ncia de esclarecer as circunst\u00e2ncias que cercam a venda da refinaria, em meio a pedidos de a\u00e7\u00e3o judicial e controv\u00e9rsias em rela\u00e7\u00e3o aos valores praticados no neg\u00f3cio.<\/p>\n<p>Em meio a todas essas pol\u00eamicas, a Petrobras est\u00e1 em conversas com a Mubadala sobre uma poss\u00edvel recompra do ativo, sinalizando uma mudan\u00e7a de rumo em rela\u00e7\u00e3o \u00e0s vendas de refinarias. Al\u00e9m disso, a entrada do Brasil na OPEP+ e as novas rela\u00e7\u00f5es bilaterais resultantes dessas transa\u00e7\u00f5es tamb\u00e9m t\u00eam gerado discuss\u00f5es significativas em rela\u00e7\u00e3o ao processo de desinvestimento da Petrobras.<\/p>\n<h2 id=\"h-desinvestimentos-da-petrobras-e-as-controversias-envolvidas\" class=\"wp-block-heading\">Desinvestimentos da Petrobras e as controv\u00e9rsias envolvidas<\/h2>\n<p>A Controladoria Geral da Uni\u00e3o realizou uma investiga\u00e7\u00e3o interna sobre o desinvestimento da Petrobras na Refinaria de Mataripe, concluindo que a empresa assumiu um risco ao prosseguir com o processo de venda em meio \u00e0 pandemia. Este fato resultou na redu\u00e7\u00e3o de valor da opera\u00e7\u00e3o, o que gerou questionamentos e controv\u00e9rsias em rela\u00e7\u00e3o ao valor acordado com a Mubadala Capital, fundo soberano dos Emirados \u00c1rabes Unidos, envolvido no neg\u00f3cio. Esse \u00e9 um tema que tem gerado intensos debates, uma vez que o valor final acordado foi questionado pelo Tribunal de Contas da Uni\u00e3o (TCU).<\/p>\n<p>A venda das refinarias da Petrobras tem sido objeto de pol\u00eamica e controv\u00e9rsias, com diversas entidades questionando o valor acordado e os procedimentos administrativos envolvidos. As rela\u00e7\u00f5es bilaterais, as mudan\u00e7as de administra\u00e7\u00e3o e os poss\u00edveis impactos econ\u00f4micos e geopol\u00edticos resultantes dessas transa\u00e7\u00f5es tamb\u00e9m t\u00eam gerado muita discuss\u00e3o em rela\u00e7\u00e3o \u00e0s vendas das refinarias.<\/p>\n<p><a>\u00c9 importante esclarecer que j\u00e1 h\u00e1 procedimento administrativo instaurado para avalia\u00e7\u00e3o desse neg\u00f3cio espec\u00edfico, sob aprecia\u00e7\u00e3o das \u00e1reas de integridade pertinentes na companhia.<\/a>\u00a0O CEO da Petrobras reiterou a import\u00e2ncia de colaborar com as investiga\u00e7\u00f5es dos \u00f3rg\u00e3os de controle em rela\u00e7\u00e3o \u00e0 venda da refinaria, enfatizando a seriedade e a transpar\u00eancia no processo de desinvestimento da estatal.<\/p>\n<div class=\"code-block code-block-4\">Fonte:\u00a0EPBR<\/div>\n","protected":false},"excerpt":{"rendered":"<p>A Petrobras est\u00e1 realizando uma an\u00e1lise interna para avaliar a viabilidade da venda da Refinaria de Mataripe (BA) para a Acelen em 2021, conforme confirmado&#8230;<\/p>\n","protected":false},"author":1527,"featured_media":49253,"comment_status":"closed","ping_status":"closed","sticky":false,"template":"","format":"standard","meta":{"footnotes":""},"categories":[6],"tags":[],"class_list":["post-49252","post","type-post","status-publish","format-standard","has-post-thumbnail","hentry","category-noticias"],"_links":{"self":[{"href":"https:\/\/www.sincomam.org.br\/index.php\/wp-json\/wp\/v2\/posts\/49252","targetHints":{"allow":["GET"]}}],"collection":[{"href":"https:\/\/www.sincomam.org.br\/index.php\/wp-json\/wp\/v2\/posts"}],"about":[{"href":"https:\/\/www.sincomam.org.br\/index.php\/wp-json\/wp\/v2\/types\/post"}],"author":[{"embeddable":true,"href":"https:\/\/www.sincomam.org.br\/index.php\/wp-json\/wp\/v2\/users\/1527"}],"replies":[{"embeddable":true,"href":"https:\/\/www.sincomam.org.br\/index.php\/wp-json\/wp\/v2\/comments?post=49252"}],"version-history":[{"count":1,"href":"https:\/\/www.sincomam.org.br\/index.php\/wp-json\/wp\/v2\/posts\/49252\/revisions"}],"predecessor-version":[{"id":49254,"href":"https:\/\/www.sincomam.org.br\/index.php\/wp-json\/wp\/v2\/posts\/49252\/revisions\/49254"}],"wp:featuredmedia":[{"embeddable":true,"href":"https:\/\/www.sincomam.org.br\/index.php\/wp-json\/wp\/v2\/media\/49253"}],"wp:attachment":[{"href":"https:\/\/www.sincomam.org.br\/index.php\/wp-json\/wp\/v2\/media?parent=49252"}],"wp:term":[{"taxonomy":"category","embeddable":true,"href":"https:\/\/www.sincomam.org.br\/index.php\/wp-json\/wp\/v2\/categories?post=49252"},{"taxonomy":"post_tag","embeddable":true,"href":"https:\/\/www.sincomam.org.br\/index.php\/wp-json\/wp\/v2\/tags?post=49252"}],"curies":[{"name":"wp","href":"https:\/\/api.w.org\/{rel}","templated":true}]}}