{"id":49248,"date":"2024-01-08T07:34:23","date_gmt":"2024-01-08T10:34:23","guid":{"rendered":"http:\/\/www.sincomam.org.br\/?p=49248"},"modified":"2024-01-08T07:36:34","modified_gmt":"2024-01-08T10:36:34","slug":"delitajai-celebra-a-formacao-de-novos-aquaviarios-um-marco-para-o-setor-maritimo-e-a-pesca-em-itajai","status":"publish","type":"post","link":"https:\/\/www.sincomam.org.br\/index.php\/delitajai-celebra-a-formacao-de-novos-aquaviarios-um-marco-para-o-setor-maritimo-e-a-pesca-em-itajai\/","title":{"rendered":"DelItajai Celebra a Forma\u00e7\u00e3o de Novos Aquavi\u00e1rios: Um Marco para o Setor Mar\u00edtimo e a Pesca em Itaja\u00ed"},"content":{"rendered":"<p>A cidade de Itaja\u00ed, um polo vital da ind\u00fastria mar\u00edtima e pesqueira, foi palco de um acontecimento marcante no \u00faltimo 21 de dezembro. A realiza\u00e7\u00e3o da cerim\u00f4nia de encerramento do Curso de Forma\u00e7\u00e3o de Aquavi\u00e1rios \u2013 Pescador Profissional Especializado (CFAQ-PEP\/N3 \u2013 2023) pela Delegacia da Capitania dos Portos em Itaja\u00ed (DelItajai) n\u00e3o foi somente uma celebra\u00e7\u00e3o, mas um s\u00edmbolo do fortalecimento do setor na regi\u00e3o.<\/p>\n<p><strong>Educa\u00e7\u00e3o Intensiva e Diversificada para o Futuro<\/strong><\/p>\n<p>O curso, que durou dois meses, envolveu 22 alunos em um processo educativo intenso e abrangente. Eles foram submetidos a um rigoroso programa de forma\u00e7\u00e3o, cobrindo vinte e tr\u00eas disciplinas variadas. O foco n\u00e3o se restringiu ao aspecto te\u00f3rico, expandindo-se para pr\u00e1ticas e visitas t\u00e9cnicas, assegurando uma forma\u00e7\u00e3o completa e aplicada. O objetivo era claro: preparar estes futuros aquavi\u00e1rios para atuarem como Pescadores Profissionais Especializados, uma habilita\u00e7\u00e3o crucial para a atua\u00e7\u00e3o eficaz no setor mar\u00edtimo.<\/p>\n<p><strong>Presen\u00e7a de Figuras Not\u00e1veis e Integra\u00e7\u00e3o Setorial<\/strong><\/p>\n<p>O evento contou com a participa\u00e7\u00e3o de figuras proeminentes no meio educacional e mar\u00edtimo, como Lu\u00eds Fernando Pozas, Diretor Geral do Instituto Federal De Santa Catarina C\u00e2mpus Itaja\u00ed (IFSC), e Agnaldo Hilton dos Santos, Presidente do Sindicato dos Armadores e das Ind\u00fastrias da Pesca em Itaja\u00ed e Regi\u00e3o (SINDIPI). A presen\u00e7a desses l\u00edderes refor\u00e7a a import\u00e2ncia da sinergia entre institui\u00e7\u00f5es de ensino e entidades do setor mar\u00edtimo e pesqueiro.<\/p>\n<p><strong>A Tr\u00edplice H\u00e9lice na Pr\u00e1tica e o Futuro do Setor<\/strong><\/p>\n<p>Esta cerim\u00f4nia reflete a tr\u00edplice h\u00e9lice em a\u00e7\u00e3o, demonstrando a interconex\u00e3o vital entre as for\u00e7as armadas, a ind\u00fastria e a academia. A forma\u00e7\u00e3o de profissionais qualificados \u00e9 fundamental para o crescimento sustent\u00e1vel do setor mar\u00edtimo. O curso de Forma\u00e7\u00e3o de Aquavi\u00e1rios \u00e9 uma iniciativa que se alinha perfeitamente com este objetivo. Ao fornecer educa\u00e7\u00e3o de qualidade e com foco pr\u00e1tico, esses profissionais est\u00e3o agora mais preparados para enfrentar desafios e capitalizar oportunidades no setor mar\u00edtimo em expans\u00e3o de Itaja\u00ed.<\/p>\n<p>Fonte: Defesa em Foco<\/p>\n","protected":false},"excerpt":{"rendered":"<p>A cidade de Itaja\u00ed, um polo vital da ind\u00fastria mar\u00edtima e pesqueira, foi palco de um acontecimento marcante no \u00faltimo 21 de dezembro. A realiza\u00e7\u00e3o&#8230;<\/p>\n","protected":false},"author":1527,"featured_media":49249,"comment_status":"closed","ping_status":"closed","sticky":false,"template":"","format":"standard","meta":{"footnotes":""},"categories":[6],"tags":[],"class_list":["post-49248","post","type-post","status-publish","format-standard","has-post-thumbnail","hentry","category-noticias"],"_links":{"self":[{"href":"https:\/\/www.sincomam.org.br\/index.php\/wp-json\/wp\/v2\/posts\/49248","targetHints":{"allow":["GET"]}}],"collection":[{"href":"https:\/\/www.sincomam.org.br\/index.php\/wp-json\/wp\/v2\/posts"}],"about":[{"href":"https:\/\/www.sincomam.org.br\/index.php\/wp-json\/wp\/v2\/types\/post"}],"author":[{"embeddable":true,"href":"https:\/\/www.sincomam.org.br\/index.php\/wp-json\/wp\/v2\/users\/1527"}],"replies":[{"embeddable":true,"href":"https:\/\/www.sincomam.org.br\/index.php\/wp-json\/wp\/v2\/comments?post=49248"}],"version-history":[{"count":1,"href":"https:\/\/www.sincomam.org.br\/index.php\/wp-json\/wp\/v2\/posts\/49248\/revisions"}],"predecessor-version":[{"id":49250,"href":"https:\/\/www.sincomam.org.br\/index.php\/wp-json\/wp\/v2\/posts\/49248\/revisions\/49250"}],"wp:featuredmedia":[{"embeddable":true,"href":"https:\/\/www.sincomam.org.br\/index.php\/wp-json\/wp\/v2\/media\/49249"}],"wp:attachment":[{"href":"https:\/\/www.sincomam.org.br\/index.php\/wp-json\/wp\/v2\/media?parent=49248"}],"wp:term":[{"taxonomy":"category","embeddable":true,"href":"https:\/\/www.sincomam.org.br\/index.php\/wp-json\/wp\/v2\/categories?post=49248"},{"taxonomy":"post_tag","embeddable":true,"href":"https:\/\/www.sincomam.org.br\/index.php\/wp-json\/wp\/v2\/tags?post=49248"}],"curies":[{"name":"wp","href":"https:\/\/api.w.org\/{rel}","templated":true}]}}