{"id":49245,"date":"2024-01-08T07:33:23","date_gmt":"2024-01-08T10:33:23","guid":{"rendered":"http:\/\/www.sincomam.org.br\/?p=49245"},"modified":"2024-01-08T07:33:23","modified_gmt":"2024-01-08T10:33:23","slug":"porto-itapoa-sera-o-primeiro-porto-do-brasil-a-incluir-creditos-de-carbono-em-suas-operacoes","status":"publish","type":"post","link":"https:\/\/www.sincomam.org.br\/index.php\/porto-itapoa-sera-o-primeiro-porto-do-brasil-a-incluir-creditos-de-carbono-em-suas-operacoes\/","title":{"rendered":"Porto Itapo\u00e1 ser\u00e1 o primeiro porto do Brasil a incluir cr\u00e9ditos de carbono em suas opera\u00e7\u00f5es"},"content":{"rendered":"<p>O Porto Itapo\u00e1 d\u00e1 in\u00edcio em 2024 a seu projeto de neutraliza\u00e7\u00e3o de carbono em parceria com o Grupo Ambipar. O objetivo \u00e9 compensar emiss\u00f5es de carbono dos clientes. Com isso, ser\u00e1 o primeiro porto do Brasil a possibilitar a inclus\u00e3o de cr\u00e9ditos de carbono em suas opera\u00e7\u00f5es.<\/p>\n<p>O projeto vai permitir aos clientes do terminal que comprem cr\u00e9ditos de carbono para compensar as emiss\u00f5es de suas opera\u00e7\u00f5es, diz o diretor de Opera\u00e7\u00f5es, Tecnologia e Meio Ambiente do Porto Itapo\u00e1, Sergni Pessoa Rosa Jr. \u201cEstes cr\u00e9ditos, advindos de conserva\u00e7\u00e3o florestal ou de reflorestamento, s\u00e3o certificados pela Ambipar\u201d, explica.<\/p>\n<p>Em 2023, o Porto Itapo\u00e1 mudou sua pol\u00edtica de aquisi\u00e7\u00e3o de energia no sistema nacional, optando por consumir, nos novos contratos, somente energia de fontes renov\u00e1veis. A transa\u00e7\u00e3o \u00e9 certificada pelo I-REC(e), um sistema global de rastreamento de atributos de energia renov\u00e1vel projetado para facilitar a contabilidade confi\u00e1vel de energia renov\u00e1vel que \u00e9 atribu\u00edda ao consumidor.<\/p>\n<div id=\"beacon_70f0b0d869\"><\/div>\n<p><strong>Projeto piloto<\/strong><\/p>\n<p>O Porto Itapo\u00e1 tamb\u00e9m est\u00e1 desenvolvendo um projeto para capta\u00e7\u00e3o de energia solar, com placas j\u00e1 instaladas para o estudo espec\u00edfico de incid\u00eancia de luz solar em Itapo\u00e1. \u201cOs dados que temos dispon\u00edveis hoje dizem respeito \u00e0 macrorregi\u00e3o em que estamos localizados, por isso precisamos entender melhor as particularidades dessa fonte de energia no nosso munic\u00edpio\u201d, salienta o diretor da terminal.<\/p>\n<p><strong>Selo ouro<\/strong><\/p>\n<p>O porto conquistou pela segunda vez, no ano de 2023, o selo ouro do GHG Protocol, programa implementado no Brasil pelo Centro de Estudos em Sustentabilidade da Funda\u00e7\u00e3o Get\u00falio Vargas (FGVces) em parceria com o Minist\u00e9rio do Meio Ambiente. Al\u00e9m disso, investiu mais de R$ 25 milh\u00f5es em novos RTGs aut\u00f4nomos \u2013 ser\u00e1 o primeiro terminal da Am\u00e9rica do Sul a oper\u00e1-los \u2013 que consomem at\u00e9 tr\u00eas vezes menos combust\u00edvel que os convencionais.<\/p>\n<div class=\"addtoany_container\">Fonte: Portos e Navios<\/div>\n","protected":false},"excerpt":{"rendered":"<p>O Porto Itapo\u00e1 d\u00e1 in\u00edcio em 2024 a seu projeto de neutraliza\u00e7\u00e3o de carbono em parceria com o Grupo Ambipar. O objetivo \u00e9 compensar emiss\u00f5es&#8230;<\/p>\n","protected":false},"author":1527,"featured_media":49246,"comment_status":"closed","ping_status":"closed","sticky":false,"template":"","format":"standard","meta":{"footnotes":""},"categories":[6],"tags":[],"class_list":["post-49245","post","type-post","status-publish","format-standard","has-post-thumbnail","hentry","category-noticias"],"_links":{"self":[{"href":"https:\/\/www.sincomam.org.br\/index.php\/wp-json\/wp\/v2\/posts\/49245","targetHints":{"allow":["GET"]}}],"collection":[{"href":"https:\/\/www.sincomam.org.br\/index.php\/wp-json\/wp\/v2\/posts"}],"about":[{"href":"https:\/\/www.sincomam.org.br\/index.php\/wp-json\/wp\/v2\/types\/post"}],"author":[{"embeddable":true,"href":"https:\/\/www.sincomam.org.br\/index.php\/wp-json\/wp\/v2\/users\/1527"}],"replies":[{"embeddable":true,"href":"https:\/\/www.sincomam.org.br\/index.php\/wp-json\/wp\/v2\/comments?post=49245"}],"version-history":[{"count":1,"href":"https:\/\/www.sincomam.org.br\/index.php\/wp-json\/wp\/v2\/posts\/49245\/revisions"}],"predecessor-version":[{"id":49247,"href":"https:\/\/www.sincomam.org.br\/index.php\/wp-json\/wp\/v2\/posts\/49245\/revisions\/49247"}],"wp:featuredmedia":[{"embeddable":true,"href":"https:\/\/www.sincomam.org.br\/index.php\/wp-json\/wp\/v2\/media\/49246"}],"wp:attachment":[{"href":"https:\/\/www.sincomam.org.br\/index.php\/wp-json\/wp\/v2\/media?parent=49245"}],"wp:term":[{"taxonomy":"category","embeddable":true,"href":"https:\/\/www.sincomam.org.br\/index.php\/wp-json\/wp\/v2\/categories?post=49245"},{"taxonomy":"post_tag","embeddable":true,"href":"https:\/\/www.sincomam.org.br\/index.php\/wp-json\/wp\/v2\/tags?post=49245"}],"curies":[{"name":"wp","href":"https:\/\/api.w.org\/{rel}","templated":true}]}}