{"id":49212,"date":"2024-01-04T08:45:47","date_gmt":"2024-01-04T11:45:47","guid":{"rendered":"http:\/\/www.sincomam.org.br\/?p=49212"},"modified":"2024-01-04T08:45:47","modified_gmt":"2024-01-04T11:45:47","slug":"sincomam-participa-de-reuniao-das-centrais-sindicais-com-presidente-lula-2","status":"publish","type":"post","link":"https:\/\/www.sincomam.org.br\/index.php\/sincomam-participa-de-reuniao-das-centrais-sindicais-com-presidente-lula-2\/","title":{"rendered":"SINCOMAM participa de reuni\u00e3o das centrais sindicais com Presidente Lula"},"content":{"rendered":"<p>O presidente Luiz In\u00e1cio Lula da Silva se reuniu em janeiro, com as centrais sindicais. O encontro, realizado no Pal\u00e1cio do Planalto, em Bras\u00edlia, foi acompanhado de dirigentes de diversas entidades sindicais, entre as quais o SINCOMAM, que esteve representado pelo Diretor Presidente ALCIR DA COSTA ALBERNOZ.<\/p>\n<p>Na reuni\u00e3o, todas as centrais sindicais tiveram momento de fala e apresentaram v\u00e1rias quest\u00f5es \u00e0s demandas da classe trabalhadora: financiamento sindical, igualdade de g\u00eanero e ra\u00e7a nos ambientes de trabalho e equipara\u00e7\u00e3o salarial, melhores condi\u00e7\u00f5es de trabalho para o conjunto da classe trabalhadora, valoriza\u00e7\u00e3o real do sal\u00e1rio m\u00ednimo, liberdade sindical, enfrentamento de atos antissindicais, a valoriza\u00e7\u00e3o da negocia\u00e7\u00e3o coletiva e at\u00e9 mesmo \u201crevoga\u00e7o\u201d da reforma trabalhista.<\/p>\n<p>Em sua fala, ALCIR DA COSTA ALBERNOZ, condenou as pr\u00e1ticas antissindicais, denunciou as demiss\u00f5es e persegui\u00e7\u00f5es contra a classe trabalhadora.<\/p>\n<p>\u201cEntendemos que somente a mobiliza\u00e7\u00e3o sindical \u00e9 capaz de promover as mudan\u00e7as necess\u00e1rias. E, por isso,\u00a0 precisamos de liberdade para lutar, para nos organizar e para ter sindicatos aut\u00f4nomos\u201d, concluiu ALBERNOZ.<\/p>\n<p>Durante o encontro, o presidente da Rep\u00fablica, Luiz In\u00e1cio Lula da com Silva, anunciou a cria\u00e7\u00e3o do grupo de discuss\u00e3o para tratar de uma pol\u00edtica permanente de valoriza\u00e7\u00e3o do sal\u00e1rio m\u00ednimo e do sindicato. Esse grupo j\u00e1\u00a0 conseguiu estabelecer o atual valor que \u00e9 de R$ 1.320. Antes, o sal\u00e1rio, estabelecido por uma medida provis\u00f3ria editada pelo ex-presidente Jair Bolsonaro, era de apenas R$ 1.302.<\/p>\n<p>Lula tamb\u00e9m reafirmou um dos compromissos de campanha: o de propor uma nova estrutura de financiamento para os sindicatos e novas regras trabalhistas que levem em conta o cen\u00e1rio atual do mercado.<\/p>\n<p>\u201cN\u00e3o queremos que o trabalhador seja um eterno fazedor de bico. Queremos que tenha direitos garantidos e um\u00a0 sistema de seguridade social que o proteja em momentos SINCOMAM participa de reuni\u00e3o das centrais sindicais Presidente Lula de desgra\u00e7a. Ao inv\u00e9s de fazer por medida provis\u00f3ria, vamos ter de construir juntos. Pois fica mais dif\u00edcil de desmanchar\u201d, declarou.<\/p>\n<p>Participaram da elabora\u00e7\u00e3o os minist\u00e9rios de Trabalho e Emprego; Fazenda; Planejamento e Or\u00e7amento; Previd\u00eancia Social; Desenvolvimento, Ind\u00fastria e Com\u00e9rcio; Secretaria-Geral da Presid\u00eancia e Casa Civil.<\/p>\n<p>O ministro do Trabalho e Emprego, Luiz Marinho, afirmou que a proposta dever\u00e1 respeitar a \u201cprevisibilidade\u201d da economia.<\/p>\n<p>\u201cImportante para o empresariado, prefeitos, governadores, governo federal, para que possamos fazer o que fizemos no primeiro governo do Lula: crescer o poder de compra do m\u00ednimo, mantendo infla\u00e7\u00e3o baixa e controle fiscal\u201d, declarou.<\/p>\n","protected":false},"excerpt":{"rendered":"<p>O presidente Luiz In\u00e1cio Lula da Silva se reuniu em janeiro, com as centrais sindicais. O encontro, realizado no Pal\u00e1cio do Planalto, em Bras\u00edlia, foi&#8230;<\/p>\n","protected":false},"author":1527,"featured_media":49213,"comment_status":"closed","ping_status":"closed","sticky":false,"template":"","format":"standard","meta":{"footnotes":""},"categories":[6],"tags":[],"class_list":["post-49212","post","type-post","status-publish","format-standard","has-post-thumbnail","hentry","category-noticias"],"_links":{"self":[{"href":"https:\/\/www.sincomam.org.br\/index.php\/wp-json\/wp\/v2\/posts\/49212","targetHints":{"allow":["GET"]}}],"collection":[{"href":"https:\/\/www.sincomam.org.br\/index.php\/wp-json\/wp\/v2\/posts"}],"about":[{"href":"https:\/\/www.sincomam.org.br\/index.php\/wp-json\/wp\/v2\/types\/post"}],"author":[{"embeddable":true,"href":"https:\/\/www.sincomam.org.br\/index.php\/wp-json\/wp\/v2\/users\/1527"}],"replies":[{"embeddable":true,"href":"https:\/\/www.sincomam.org.br\/index.php\/wp-json\/wp\/v2\/comments?post=49212"}],"version-history":[{"count":1,"href":"https:\/\/www.sincomam.org.br\/index.php\/wp-json\/wp\/v2\/posts\/49212\/revisions"}],"predecessor-version":[{"id":49214,"href":"https:\/\/www.sincomam.org.br\/index.php\/wp-json\/wp\/v2\/posts\/49212\/revisions\/49214"}],"wp:featuredmedia":[{"embeddable":true,"href":"https:\/\/www.sincomam.org.br\/index.php\/wp-json\/wp\/v2\/media\/49213"}],"wp:attachment":[{"href":"https:\/\/www.sincomam.org.br\/index.php\/wp-json\/wp\/v2\/media?parent=49212"}],"wp:term":[{"taxonomy":"category","embeddable":true,"href":"https:\/\/www.sincomam.org.br\/index.php\/wp-json\/wp\/v2\/categories?post=49212"},{"taxonomy":"post_tag","embeddable":true,"href":"https:\/\/www.sincomam.org.br\/index.php\/wp-json\/wp\/v2\/tags?post=49212"}],"curies":[{"name":"wp","href":"https:\/\/api.w.org\/{rel}","templated":true}]}}