{"id":49184,"date":"2024-01-03T08:18:22","date_gmt":"2024-01-03T11:18:22","guid":{"rendered":"http:\/\/www.sincomam.org.br\/?p=49184"},"modified":"2024-01-03T08:18:22","modified_gmt":"2024-01-03T11:18:22","slug":"novo-edital-das-barcas-pode-ser-entregue-em-2024","status":"publish","type":"post","link":"https:\/\/www.sincomam.org.br\/index.php\/novo-edital-das-barcas-pode-ser-entregue-em-2024\/","title":{"rendered":"Novo edital das Barcas pode ser entregue em 2024"},"content":{"rendered":"<p>A comiss\u00e3o de Transportes da Assembleia Legislativa do Estado do Rio de Janeiro (Alerj) est\u00e1 preocupada com a situa\u00e7\u00e3o dos passageiros e funcion\u00e1rios da CCR Barcas. O presidente dessa Comiss\u00e3o, o deputado estadual Fl\u00e1vio Serafini disse que o epis\u00f3dio do acordo entre CCR e o Governo do Estado do Rio de Janeiro, no in\u00edcio do ano, foi escandaloso.<\/p>\n<p>\u201cH\u00e1 25 anos se sabia a data de t\u00e9rmino do contrato e o governo foi incapaz de arranjar uma solu\u00e7\u00e3o a tempo\u201d, disparou o parlamentar.<\/p>\n<p>Para Serafini, o imbr\u00f3glio causado pela possibilidade da paralisa\u00e7\u00e3o do servi\u00e7o das Barcas acabou ajudando na renova\u00e7\u00e3o da concess\u00e3o mesmo que temporariamente.<\/p>\n<p>\u201cCaso as Barcas parassem, e milhares de pessoas ficassem sem o servi\u00e7o p\u00fablico do dia para o outro fez o governo aceitar pagar uma suposta d\u00edvida questionada pelo Minist\u00e9rio P\u00fablico de cerca de R$ 1 bilh\u00e3o\u201d, explicou Serafini.<\/p>\n<p>O presidente da Comiss\u00e3o de Transportes acredita que pelo caminhar das coisas, a CCR deve continuar operando at\u00e9 fevereiro de 2025, t\u00e9rmino da vig\u00eancia do acordo homologado na justi\u00e7a.<\/p>\n<p>\u201cQue esse tempo, ao menos, seja utilizado para fazer uma nova modelagem do servi\u00e7o de Barcas que atendam de fato aos anseios da popula\u00e7\u00e3o \u2013 com mais hor\u00e1rios e novas linhas\u201d.<\/p>\n<p>Em mar\u00e7o, a Justi\u00e7a homologou um acordo que permitiu a extens\u00e3o do contrato com a CCR por um ano, renov\u00e1vel por mais um. Como o novo cronograma desenvolvido pelo Governo do Estado em conjunto com a equipe t\u00e9cnica contratada ainda n\u00e3o foi colocado a p\u00fablico, n\u00e3o se sabe ainda quando ser\u00e1 feita a nova licita\u00e7\u00e3o de concess\u00e3o.<\/p>\n<p><strong>Incerteza do trabalhador<\/strong><br \/>\nEssa morosidade preocupa a Comiss\u00e3o de Transportes e deixa a diretoria do SINCOMAM em alerta, porque, al\u00e9m de prejudicar os passageiros, pode colocar centenas de empregos em risco.<\/p>\n<p>O deputado disse que segundo informa\u00e7\u00f5es apresentadas em audi\u00eancia p\u00fablica, no in\u00edcio do ano, a CCR Barcas\u00a0 contava com cerca de 800 trabalhadores.<\/p>\n<p>\u201cTodos os colaboradores da CCR est\u00e3o em situa\u00e7\u00e3o extremamente delicada porque n\u00e3o \u00e9 p\u00fablica a informa\u00e7\u00e3o sobre a nova licita\u00e7\u00e3o do servi\u00e7o de transporte aquavi\u00e1rio\u201d, esclareceu Serafini que ainda disse que a luta \u00e9 para que estes trabalhadores sejam incorporados pela nova concession\u00e1ria e tenham seus empregos garantidos.<\/p>\n<p><strong>UFRJ pode ajudar<\/strong><br \/>\nA Comiss\u00e3o presidida por Fl\u00e1vio Serafini j\u00e1 solicitou o cronograma e os estudos que a Universidade Federal do Rio de Janeiro (UFRJ) vem desenvolvendo junto \u00e0 Secretaria de Transportes. A universidade est\u00e1 fazendo uma modelagem com a finalidade de melhorar o transporte aquavi\u00e1rio entre Rio, Niter\u00f3i e Paquet\u00e1 e Ilha do Governador. Um estudo tamb\u00e9m est\u00e1 sendo feito para tentar a viabiliza\u00e7\u00e3o da cria\u00e7\u00e3o de linhas para S\u00e3o Gon\u00e7alo, na Regi\u00e3o Metropolitana do Rio, al\u00e9m de Sepetiba, na Zona Oeste, e Mag\u00e9, na Baixada Fluminense.<\/p>\n<p>\u201cAinda n\u00e3o obtivemos respostas. Temos uma grande preocupa\u00e7\u00e3o que n\u00e3o haja uma rodada de participa\u00e7\u00e3o para que a sociedade ainda possa contribuir com a proposta formulada pelo Governo\u201d, concluiu.<\/p>\n<p>&nbsp;<\/p>\n","protected":false},"excerpt":{"rendered":"<p>A comiss\u00e3o de Transportes da Assembleia Legislativa do Estado do Rio de Janeiro (Alerj) est\u00e1 preocupada com a situa\u00e7\u00e3o dos passageiros e funcion\u00e1rios da CCR&#8230;<\/p>\n","protected":false},"author":1527,"featured_media":49193,"comment_status":"closed","ping_status":"closed","sticky":false,"template":"","format":"standard","meta":{"footnotes":""},"categories":[6],"tags":[],"class_list":["post-49184","post","type-post","status-publish","format-standard","has-post-thumbnail","hentry","category-noticias"],"_links":{"self":[{"href":"https:\/\/www.sincomam.org.br\/index.php\/wp-json\/wp\/v2\/posts\/49184","targetHints":{"allow":["GET"]}}],"collection":[{"href":"https:\/\/www.sincomam.org.br\/index.php\/wp-json\/wp\/v2\/posts"}],"about":[{"href":"https:\/\/www.sincomam.org.br\/index.php\/wp-json\/wp\/v2\/types\/post"}],"author":[{"embeddable":true,"href":"https:\/\/www.sincomam.org.br\/index.php\/wp-json\/wp\/v2\/users\/1527"}],"replies":[{"embeddable":true,"href":"https:\/\/www.sincomam.org.br\/index.php\/wp-json\/wp\/v2\/comments?post=49184"}],"version-history":[{"count":1,"href":"https:\/\/www.sincomam.org.br\/index.php\/wp-json\/wp\/v2\/posts\/49184\/revisions"}],"predecessor-version":[{"id":49194,"href":"https:\/\/www.sincomam.org.br\/index.php\/wp-json\/wp\/v2\/posts\/49184\/revisions\/49194"}],"wp:featuredmedia":[{"embeddable":true,"href":"https:\/\/www.sincomam.org.br\/index.php\/wp-json\/wp\/v2\/media\/49193"}],"wp:attachment":[{"href":"https:\/\/www.sincomam.org.br\/index.php\/wp-json\/wp\/v2\/media?parent=49184"}],"wp:term":[{"taxonomy":"category","embeddable":true,"href":"https:\/\/www.sincomam.org.br\/index.php\/wp-json\/wp\/v2\/categories?post=49184"},{"taxonomy":"post_tag","embeddable":true,"href":"https:\/\/www.sincomam.org.br\/index.php\/wp-json\/wp\/v2\/tags?post=49184"}],"curies":[{"name":"wp","href":"https:\/\/api.w.org\/{rel}","templated":true}]}}