{"id":49151,"date":"2024-01-02T10:34:30","date_gmt":"2024-01-02T13:34:30","guid":{"rendered":"http:\/\/www.sincomam.org.br\/?p=49151"},"modified":"2024-01-02T10:34:41","modified_gmt":"2024-01-02T13:34:41","slug":"marinheiro-por-um-dia-iniciativa-naval-cativa-jovens-em-mato-grosso-do-sul","status":"publish","type":"post","link":"https:\/\/www.sincomam.org.br\/index.php\/marinheiro-por-um-dia-iniciativa-naval-cativa-jovens-em-mato-grosso-do-sul\/","title":{"rendered":"Marinheiro por Um Dia\u201d: Iniciativa Naval Cativa Jovens em Mato Grosso do Sul"},"content":{"rendered":"<p>Em uma iniciativa louv\u00e1vel que refor\u00e7a os la\u00e7os entre as\u00a0For\u00e7as Armadas\u00a0e a comunidade, o Comando do 6\u00ba Distrito Naval (Com6\u00baDN) realizou, em 18 de dezembro de 2023, o projeto \u201cMarinheiro por Um Dia\u201d. Esta atividade especial, integrada aos eventos comemorativos dos 200 anos da Independ\u00eancia do Brasil, ofereceu a 100 crian\u00e7as e adolescentes do Programa For\u00e7as no Esporte (Profesp) e do Projeto Padrinho, do Tribunal de Justi\u00e7a de Mato Grosso do Sul, uma viv\u00eancia inesquec\u00edvel a bordo do Monitor \u201cParna\u00edba\u201d.<\/p>\n<p><strong>Conhecimento Mar\u00edtimo e Tradi\u00e7\u00f5es Navais<\/strong><\/p>\n<p>A bordo do hist\u00f3rico navio, jovens entusiasmados receberam uma\u00a0aula pr\u00e1tica sobre a rotina em um navio militar. Militares experientes compartilharam seus conhecimentos sobre as tradi\u00e7\u00f5es navais, t\u00e9cnicas de manobras de suspender e atracar, e procedimentos cruciais de combate a inc\u00eandios a bordo. Al\u00e9m disso, os participantes aprenderam a fazer os principais n\u00f3s e voltas, uma habilidade emblem\u00e1tica dos marinheiros e fundamental na vida naval.<\/p>\n<p><strong>Inspira\u00e7\u00e3o para Futuros Militares<\/strong><\/p>\n<p>O vice-coordenador do Projeto Padrinho, Wilson da Silva Maria, destacou a relev\u00e2ncia do evento para os jovens presentes. Ele ressaltou como a experi\u00eancia proporciona um entendimento mais profundo sobre a carreira militar e seu papel na\u00a0defesa da p\u00e1tria. Hist\u00f3rias como a de Mariane Viana de Oliveira, uma jovem de 16 anos e ex-aluna do Profesp, ilustram o impacto positivo do projeto. Sua visita ao Monitor Parna\u00edba refor\u00e7ou seu desejo de seguir carreira militar, um sonho que ela nutre desde a inf\u00e2ncia.<\/p>\n<p><strong>Import\u00e2ncia para os Jovens<\/strong><\/p>\n<p>Projetos como o \u201cMarinheiro por Um Dia\u201d s\u00e3o essenciais para fortalecer a conex\u00e3o entre as For\u00e7as Armadas e a sociedade, inspirando jovens e promovendo uma compreens\u00e3o mais ampla do papel vital que os militares desempenham na\u00a0seguran\u00e7a nacional. Iniciativas como esta n\u00e3o apenas educam, mas tamb\u00e9m abrem portas para futuras gera\u00e7\u00f5es que podem estar considerando a vida militar como uma voca\u00e7\u00e3o. Essa intera\u00e7\u00e3o \u00e9 um testemunho do compromisso do Brasil em fomentar uma\u00a0Base Industrial de Defesa\u00a0robusta e um futuro promissor para os jovens do pa\u00eds.<\/p>\n<p>Fonte: Defesa em Foco<\/p>\n","protected":false},"excerpt":{"rendered":"<p>Em uma iniciativa louv\u00e1vel que refor\u00e7a os la\u00e7os entre as\u00a0For\u00e7as Armadas\u00a0e a comunidade, o Comando do 6\u00ba Distrito Naval (Com6\u00baDN) realizou, em 18 de dezembro&#8230;<\/p>\n","protected":false},"author":1527,"featured_media":49152,"comment_status":"closed","ping_status":"closed","sticky":false,"template":"","format":"standard","meta":{"footnotes":""},"categories":[6],"tags":[],"class_list":["post-49151","post","type-post","status-publish","format-standard","has-post-thumbnail","hentry","category-noticias"],"_links":{"self":[{"href":"https:\/\/www.sincomam.org.br\/index.php\/wp-json\/wp\/v2\/posts\/49151","targetHints":{"allow":["GET"]}}],"collection":[{"href":"https:\/\/www.sincomam.org.br\/index.php\/wp-json\/wp\/v2\/posts"}],"about":[{"href":"https:\/\/www.sincomam.org.br\/index.php\/wp-json\/wp\/v2\/types\/post"}],"author":[{"embeddable":true,"href":"https:\/\/www.sincomam.org.br\/index.php\/wp-json\/wp\/v2\/users\/1527"}],"replies":[{"embeddable":true,"href":"https:\/\/www.sincomam.org.br\/index.php\/wp-json\/wp\/v2\/comments?post=49151"}],"version-history":[{"count":2,"href":"https:\/\/www.sincomam.org.br\/index.php\/wp-json\/wp\/v2\/posts\/49151\/revisions"}],"predecessor-version":[{"id":49154,"href":"https:\/\/www.sincomam.org.br\/index.php\/wp-json\/wp\/v2\/posts\/49151\/revisions\/49154"}],"wp:featuredmedia":[{"embeddable":true,"href":"https:\/\/www.sincomam.org.br\/index.php\/wp-json\/wp\/v2\/media\/49152"}],"wp:attachment":[{"href":"https:\/\/www.sincomam.org.br\/index.php\/wp-json\/wp\/v2\/media?parent=49151"}],"wp:term":[{"taxonomy":"category","embeddable":true,"href":"https:\/\/www.sincomam.org.br\/index.php\/wp-json\/wp\/v2\/categories?post=49151"},{"taxonomy":"post_tag","embeddable":true,"href":"https:\/\/www.sincomam.org.br\/index.php\/wp-json\/wp\/v2\/tags?post=49151"}],"curies":[{"name":"wp","href":"https:\/\/api.w.org\/{rel}","templated":true}]}}