{"id":49148,"date":"2024-01-02T10:33:02","date_gmt":"2024-01-02T13:33:02","guid":{"rendered":"http:\/\/www.sincomam.org.br\/?p=49148"},"modified":"2024-01-02T10:33:02","modified_gmt":"2024-01-02T13:33:02","slug":"brasil-conquista-novo-mercado-e-encerra-2023-com-recorde-de-78-aberturas-em-39-paises","status":"publish","type":"post","link":"https:\/\/www.sincomam.org.br\/index.php\/brasil-conquista-novo-mercado-e-encerra-2023-com-recorde-de-78-aberturas-em-39-paises\/","title":{"rendered":"BRASIL CONQUISTA NOVO MERCADO E ENCERRA 2023 COM RECORDE DE 78 ABERTURAS EM 39 PA\u00cdSES"},"content":{"rendered":"<p>O\u00a0Governo Federal\u00a0recebeu com satisfa\u00e7\u00e3o, nesta sexta-feira (29), o an\u00fancio da abertura de mercado no But\u00e3o para as\u00a0exporta\u00e7\u00f5es\u00a0brasileiras de carnes de aves.<\/p>\n<p><span data-contrast=\"auto\">Com essa not\u00edcia, 2023 se encerra com 78 novos mercados em 39 pa\u00edses, superando significativamente os n\u00fameros dos \u00faltimos quatro anos: em 2019 foram 35 novos mercados em 22 pa\u00edses, em 2020 74 em 24 pa\u00edses, em 2021 77 em 33 pa\u00edses, e em 2022 53 em 26 pa\u00edses.<\/span><span data-ccp-props=\"{&quot;201341983&quot;:0,&quot;335551550&quot;:6,&quot;335551620&quot;:6,&quot;335559739&quot;:160,&quot;335559740&quot;:259}\">\u00a0<\/span><\/p>\n<p>\u201cEsse recorde, com as novas aberturas de mercado, \u00e9 resultado da retomada do di\u00e1logo internacional e das rela\u00e7\u00f5es diplom\u00e1ticas, lideradas pelo presidente\u00a0Lula\u00a0e pelo ministro\u00a0Carlos F\u00e1varo.\u00a0Isso cria novas oportunidades para produtores do agro nacional exportarem dezenas de produtos e acessarem destinos at\u00e9 ent\u00e3o in\u00e9ditos, gerando renda e emprego em todo o pa\u00eds\u201d, destaca Roberto\u00a0Perosa, secret\u00e1rio de Com\u00e9rcio e Rela\u00e7\u00f5es Internacionais do Mapa.<\/p>\n<h2>NOVOS MERCADOS PARA AS EXPORTA\u00c7\u00d5ES DO BRASIL<\/h2>\n<p>Entre os principais mercados alcan\u00e7ados no ano, destaca-se a comercializa\u00e7\u00e3o para as carnes bovina e su\u00edna brasileiras para o M\u00e9xico e Rep\u00fablica Dominicana, respectivamente.<\/p>\n<p>Al\u00e9m do algod\u00e3o brasileiro, no Egito, e frutos de mam\u00e3o \u201cpapaya\u201d que, agora, podem ser apreciados tamb\u00e9m no Chile.<\/p>\n<p>As concess\u00f5es sanit\u00e1rias enviadas por cada pa\u00eds parceiro s\u00e3o frutos do esfor\u00e7o do Minist\u00e9rio da Agricultura e Pecu\u00e1ria (Mapa) na elabora\u00e7\u00e3o de informa\u00e7\u00f5es t\u00e9cnicas e nas negocia\u00e7\u00f5es internacionais que resultaram no acordo de requisitos sanit\u00e1rios e fitossanit\u00e1rios que permitiram a comercializa\u00e7\u00e3o das mercadorias e parcerias neste ano.<\/p>\n<p>Al\u00e9m dos mercados externos, o minist\u00e9rio alcan\u00e7ou outras conquistas, como a suspens\u00e3o do embargo \u00e0 importa\u00e7\u00e3o de carne bovina brasileira na China, ap\u00f3s a confirma\u00e7\u00e3o de um caso isolado e at\u00edpico de Encefalopatia Espongiforme Bovina (mal da \u201cvaca louca\u201d), e ainda, a aceita\u00e7\u00e3o dos estoques de carne produzidos antes do in\u00edcio do embargo.<\/p>\n<p>No Chile e em Cuba, foram celebrados acordo de coopera\u00e7\u00e3o para ado\u00e7\u00e3o do sistema de \u201cpre-listing\u201d para habilita\u00e7\u00e3o de estabelecimentos exportadores.<\/p>\n<p>J\u00e1 no Reino Unido, houve a retomada plena do sistema de habilita\u00e7\u00e3o de estabelecimentos pela autoridade do pa\u00eds exportador (pre-listing) e a retirada dos controles refor\u00e7ados na inspe\u00e7\u00e3o brit\u00e2nica de carregamentos de produtos de origem animal do Brasil.<\/p>\n<p>De janeiro a novembro deste ano, o Brasil registrou exporta\u00e7\u00f5es no valor de aproximadamente US$ 3,09 milh\u00f5es para o But\u00e3o, um montante quase duas vezes superior ao total exportado durante o ano de 2022. Dentre os produtos enviados, a carne destacou-se como o item principal.<\/p>\n<p>Fonte: MoneyTimes<\/p>\n","protected":false},"excerpt":{"rendered":"<p>O\u00a0Governo Federal\u00a0recebeu com satisfa\u00e7\u00e3o, nesta sexta-feira (29), o an\u00fancio da abertura de mercado no But\u00e3o para as\u00a0exporta\u00e7\u00f5es\u00a0brasileiras de carnes de aves. Com essa not\u00edcia, 2023&#8230;<\/p>\n","protected":false},"author":1527,"featured_media":49149,"comment_status":"closed","ping_status":"closed","sticky":false,"template":"","format":"standard","meta":{"footnotes":""},"categories":[6],"tags":[],"class_list":["post-49148","post","type-post","status-publish","format-standard","has-post-thumbnail","hentry","category-noticias"],"_links":{"self":[{"href":"https:\/\/www.sincomam.org.br\/index.php\/wp-json\/wp\/v2\/posts\/49148","targetHints":{"allow":["GET"]}}],"collection":[{"href":"https:\/\/www.sincomam.org.br\/index.php\/wp-json\/wp\/v2\/posts"}],"about":[{"href":"https:\/\/www.sincomam.org.br\/index.php\/wp-json\/wp\/v2\/types\/post"}],"author":[{"embeddable":true,"href":"https:\/\/www.sincomam.org.br\/index.php\/wp-json\/wp\/v2\/users\/1527"}],"replies":[{"embeddable":true,"href":"https:\/\/www.sincomam.org.br\/index.php\/wp-json\/wp\/v2\/comments?post=49148"}],"version-history":[{"count":1,"href":"https:\/\/www.sincomam.org.br\/index.php\/wp-json\/wp\/v2\/posts\/49148\/revisions"}],"predecessor-version":[{"id":49150,"href":"https:\/\/www.sincomam.org.br\/index.php\/wp-json\/wp\/v2\/posts\/49148\/revisions\/49150"}],"wp:featuredmedia":[{"embeddable":true,"href":"https:\/\/www.sincomam.org.br\/index.php\/wp-json\/wp\/v2\/media\/49149"}],"wp:attachment":[{"href":"https:\/\/www.sincomam.org.br\/index.php\/wp-json\/wp\/v2\/media?parent=49148"}],"wp:term":[{"taxonomy":"category","embeddable":true,"href":"https:\/\/www.sincomam.org.br\/index.php\/wp-json\/wp\/v2\/categories?post=49148"},{"taxonomy":"post_tag","embeddable":true,"href":"https:\/\/www.sincomam.org.br\/index.php\/wp-json\/wp\/v2\/tags?post=49148"}],"curies":[{"name":"wp","href":"https:\/\/api.w.org\/{rel}","templated":true}]}}