{"id":4914,"date":"2014-04-14T09:00:36","date_gmt":"2014-04-14T12:00:36","guid":{"rendered":"http:\/\/www.sincomam.org.br\/?p=4914"},"modified":"2014-04-14T09:53:03","modified_gmt":"2014-04-14T12:53:03","slug":"plataforma-p-61-e-instalada-no-campo-de-papa-terra","status":"publish","type":"post","link":"https:\/\/www.sincomam.org.br\/index.php\/plataforma-p-61-e-instalada-no-campo-de-papa-terra\/","title":{"rendered":"Plataforma P-61 \u00e9 instalada no campo de Papa-Terra"},"content":{"rendered":"<p>A FloaTEC finalizou ontem a instala\u00e7\u00e3o da Plataforma TLWP P-61 no Campo Papa-Terra, na Bacia de Campos, em \u00e1guas com 1.180 metros de profundidade. A empresa, especialista em tecnologia para sistemas de produ\u00e7\u00e3o flutuantes em \u00e1guas profundas, ir\u00e1 operar as instala\u00e7\u00f5es por tr\u00eas anos antes de entreg\u00e1-las para a operadora Papa-Terra Joint Venture, composta pela Petrobras e Chevron.<\/p>\n<p>O projeto da P-61 foi tocado pela FloaTEC em parceira com a McDermott e a Keppel FELS. O projeto, fabrica\u00e7\u00e3o e acabamento da TLWP foi coordenado e executado pela FloaTEC. Os m\u00f3dulos integrados foram projetados em Houston pela McDermott e constru\u00eddos em Singapura pela Keppel FELS. Os tend\u00f5es e as estacas foram constru\u00eddos nas instala\u00e7\u00f5es da McDermott, enquanto o casco foi projetado pela FloaTEC em Houston e fabricada no Brasil pela Keppel FELS, em seu Estaleiro BrasFELS em Angra dos Reis. Os m\u00f3dulos e casco foram ent\u00e3o integrados noBrasFELS utilizando o m\u00e9todo de flutua\u00e7\u00e3o.<\/p>\n<p>\u201cA tecnologia <i>Extended Tension Leg Platform<\/i> patenteada pela FloaTEC, a capacidade de constru\u00e7\u00e3o da Keppel FELS e a experi\u00eancia da McDermott no transporte e instala\u00e7\u00e3o offshore foram combinadas para formar uma solu\u00e7\u00e3o \u00fanica no mercado para este ambiente desafiador das \u00e1guas profundas\u201d, disse David Dickson, Presidente e CEO da McDermott. \u201cO alinhamento das tr\u00eas equipes com as necessidades de nossos clientes garantiu a entrega bem sucedida e com seguran\u00e7a de uma das TLPs mais desafiadoras j\u00e1 instaladas\u201d.<\/p>\n<p>Fonte: Reda\u00e7\u00e3o TN<\/p>\n","protected":false},"excerpt":{"rendered":"<p>A FloaTEC finalizou ontem a instala\u00e7\u00e3o da Plataforma TLWP P-61 no Campo Papa-Terra, na Bacia de Campos, em \u00e1guas com 1.180 metros de profundidade. A&#8230;<\/p>\n","protected":false},"author":1182,"featured_media":4915,"comment_status":"closed","ping_status":"closed","sticky":false,"template":"","format":"standard","meta":{"footnotes":""},"categories":[6],"tags":[53,945,947,944,946],"class_list":["post-4914","post","type-post","status-publish","format-standard","has-post-thumbnail","hentry","category-noticias","tag-campo","tag-instalacao","tag-papa-terra","tag-plataforma-p-61","tag-tecnolgia"],"_links":{"self":[{"href":"https:\/\/www.sincomam.org.br\/index.php\/wp-json\/wp\/v2\/posts\/4914","targetHints":{"allow":["GET"]}}],"collection":[{"href":"https:\/\/www.sincomam.org.br\/index.php\/wp-json\/wp\/v2\/posts"}],"about":[{"href":"https:\/\/www.sincomam.org.br\/index.php\/wp-json\/wp\/v2\/types\/post"}],"author":[{"embeddable":true,"href":"https:\/\/www.sincomam.org.br\/index.php\/wp-json\/wp\/v2\/users\/1182"}],"replies":[{"embeddable":true,"href":"https:\/\/www.sincomam.org.br\/index.php\/wp-json\/wp\/v2\/comments?post=4914"}],"version-history":[{"count":1,"href":"https:\/\/www.sincomam.org.br\/index.php\/wp-json\/wp\/v2\/posts\/4914\/revisions"}],"predecessor-version":[{"id":4916,"href":"https:\/\/www.sincomam.org.br\/index.php\/wp-json\/wp\/v2\/posts\/4914\/revisions\/4916"}],"wp:featuredmedia":[{"embeddable":true,"href":"https:\/\/www.sincomam.org.br\/index.php\/wp-json\/wp\/v2\/media\/4915"}],"wp:attachment":[{"href":"https:\/\/www.sincomam.org.br\/index.php\/wp-json\/wp\/v2\/media?parent=4914"}],"wp:term":[{"taxonomy":"category","embeddable":true,"href":"https:\/\/www.sincomam.org.br\/index.php\/wp-json\/wp\/v2\/categories?post=4914"},{"taxonomy":"post_tag","embeddable":true,"href":"https:\/\/www.sincomam.org.br\/index.php\/wp-json\/wp\/v2\/tags?post=4914"}],"curies":[{"name":"wp","href":"https:\/\/api.w.org\/{rel}","templated":true}]}}