{"id":49095,"date":"2023-12-27T09:17:17","date_gmt":"2023-12-27T12:17:17","guid":{"rendered":"http:\/\/www.sincomam.org.br\/?p=49095"},"modified":"2023-12-27T09:17:17","modified_gmt":"2023-12-27T12:17:17","slug":"alerta-da-marinha-fortes-ventos-e-ressacas-previstos-para-os-litorais-de-sp-e-rj-apos-o-natal","status":"publish","type":"post","link":"https:\/\/www.sincomam.org.br\/index.php\/alerta-da-marinha-fortes-ventos-e-ressacas-previstos-para-os-litorais-de-sp-e-rj-apos-o-natal\/","title":{"rendered":"Alerta da Marinha: Fortes Ventos e Ressacas Previstos para os Litorais de SP e RJ Ap\u00f3s o Natal"},"content":{"rendered":"<p>A Marinha do Brasil, em conjunto com a Defesa Civil de S\u00e3o Paulo e o Departamento de Estradas e Rodagem (DER), emitiu um alerta sobre a previs\u00e3o de ventos fortes e ressacas nas regi\u00f5es litor\u00e2neas dos estados de S\u00e3o Paulo e Rio de Janeiro. Esta previs\u00e3o, v\u00e1lida para os dias 26 e 27 de dezembro, vem ap\u00f3s recentes tempestades que causaram apag\u00f5es no feriado de 15 de novembro.<\/p>\n<p><strong>Detalhes do Alerta Meteorol\u00f3gico<\/strong><\/p>\n<p>Conforme o aviso da Marinha, a expectativa \u00e9 de ventos que podem atingir velocidades de at\u00e9 74 km\/h. A preocupa\u00e7\u00e3o se estende tamb\u00e9m para o aumento significativo das ondas, que podem chegar a 3 metros de altura. A ventania deve impactar toda a regi\u00e3o a partir de Itaja\u00ed, em Santa Catarina.<\/p>\n<div class=\"td-a-rec td-a-rec-id-content_inline tdi_2 td_block_template_11\">\n<p><strong>Recomenda\u00e7\u00f5es \u00e0s Comunidades Locais e Turistas<\/strong><\/p>\n<\/div>\n<p>Diante deste cen\u00e1rio, recomenda-se que moradores locais e turistas evitem atividades no mar e nas proximidades da orla. A Defesa Civil aconselha precau\u00e7\u00e3o, especialmente em \u00e1reas vulner\u00e1veis a ventos fortes e ressacas. O DER alertou aos motoristas para evitar estradas litor\u00e2neas durante este per\u00edodo, devido ao risco aumentado de condi\u00e7\u00f5es adversas de tr\u00e2nsito.<\/p>\n<p><strong>Outros Alertas e Previs\u00f5es Meteorol\u00f3gicas<\/strong><\/p>\n<p>Al\u00e9m do alerta da Marinha, o Instituto Nacional de Meteorologia (Inmet) emitiu avisos sobre a alta probabilidade de tempestades em S\u00e3o Paulo a partir da tarde de 25 de dezembro. Cidades como Itanha\u00e9m, Itapetininga, Ourinhos e Presidente Prudente podem enfrentar chuvas intensas, ventos de at\u00e9 100 km\/h e at\u00e9 chuva de granizo. O Inmet prev\u00ea um ver\u00e3o mais chuvoso e quente que a m\u00e9dia na regi\u00e3o Sudeste, com destaque para Minas Gerais.<\/p>\n<p><strong>Um Chamado \u00e0 Cautela e Prepara\u00e7\u00e3o<\/strong><\/p>\n<p>Os alertas emitidos pela Marinha do Brasil e outros \u00f3rg\u00e3os enfatizam a import\u00e2ncia de estar preparado e agir com cautela diante das condi\u00e7\u00f5es meteorol\u00f3gicas adversas. \u00c9 essencial que as comunidades costeiras e os visitantes dos litorais de S\u00e3o Paulo e Rio de Janeiro permane\u00e7am atentos \u00e0s atualiza\u00e7\u00f5es meteorol\u00f3gicas e sigam as recomenda\u00e7\u00f5es das autoridades para garantir a seguran\u00e7a de todos.<\/p>\n<p>Fonte: Defesa em Foco<\/p>\n","protected":false},"excerpt":{"rendered":"<p>A Marinha do Brasil, em conjunto com a Defesa Civil de S\u00e3o Paulo e o Departamento de Estradas e Rodagem (DER), emitiu um alerta sobre&#8230;<\/p>\n","protected":false},"author":1527,"featured_media":49096,"comment_status":"closed","ping_status":"closed","sticky":false,"template":"","format":"standard","meta":{"footnotes":""},"categories":[6],"tags":[],"class_list":["post-49095","post","type-post","status-publish","format-standard","has-post-thumbnail","hentry","category-noticias"],"_links":{"self":[{"href":"https:\/\/www.sincomam.org.br\/index.php\/wp-json\/wp\/v2\/posts\/49095","targetHints":{"allow":["GET"]}}],"collection":[{"href":"https:\/\/www.sincomam.org.br\/index.php\/wp-json\/wp\/v2\/posts"}],"about":[{"href":"https:\/\/www.sincomam.org.br\/index.php\/wp-json\/wp\/v2\/types\/post"}],"author":[{"embeddable":true,"href":"https:\/\/www.sincomam.org.br\/index.php\/wp-json\/wp\/v2\/users\/1527"}],"replies":[{"embeddable":true,"href":"https:\/\/www.sincomam.org.br\/index.php\/wp-json\/wp\/v2\/comments?post=49095"}],"version-history":[{"count":1,"href":"https:\/\/www.sincomam.org.br\/index.php\/wp-json\/wp\/v2\/posts\/49095\/revisions"}],"predecessor-version":[{"id":49097,"href":"https:\/\/www.sincomam.org.br\/index.php\/wp-json\/wp\/v2\/posts\/49095\/revisions\/49097"}],"wp:featuredmedia":[{"embeddable":true,"href":"https:\/\/www.sincomam.org.br\/index.php\/wp-json\/wp\/v2\/media\/49096"}],"wp:attachment":[{"href":"https:\/\/www.sincomam.org.br\/index.php\/wp-json\/wp\/v2\/media?parent=49095"}],"wp:term":[{"taxonomy":"category","embeddable":true,"href":"https:\/\/www.sincomam.org.br\/index.php\/wp-json\/wp\/v2\/categories?post=49095"},{"taxonomy":"post_tag","embeddable":true,"href":"https:\/\/www.sincomam.org.br\/index.php\/wp-json\/wp\/v2\/tags?post=49095"}],"curies":[{"name":"wp","href":"https:\/\/api.w.org\/{rel}","templated":true}]}}