{"id":4907,"date":"2014-04-14T09:00:18","date_gmt":"2014-04-14T12:00:18","guid":{"rendered":"http:\/\/www.sincomam.org.br\/?p=4907"},"modified":"2014-04-14T09:31:34","modified_gmt":"2014-04-14T12:31:34","slug":"transpetro-coloca-em-operacao-o-navio-dragao-do-mar","status":"publish","type":"post","link":"https:\/\/www.sincomam.org.br\/index.php\/transpetro-coloca-em-operacao-o-navio-dragao-do-mar\/","title":{"rendered":"Transpetro coloca em opera\u00e7\u00e3o o navio Drag\u00e3o do Mar"},"content":{"rendered":"<p><b><i>Navio \u00e9 a s\u00e9tima embarca\u00e7\u00e3o do Promef a entrar em opera\u00e7\u00e3o<\/i><\/b><\/p>\n<p>O navio petroleiro Drag\u00e3o do Mar, da Transpetro, deixa o Porto de Suape nesta segunda-feira (14\/4) e segue para sua primeira viagem inaugural.<\/p>\n<p>A cerim\u00f4nia, no Estaleiro Atl\u00e2ntico Sul (EAS), em Ipojuca (PE), ter\u00e1 in\u00edcio \u00e0s 10h30, e contar\u00e1 com a presen\u00e7a da presidenta Dilma Rousseff, da presidente da Petrobras, Gra\u00e7a Foster, e do presidente da Transpetro, Sergio Machado.<\/p>\n<p>O Darg\u00e3o do Mar \u00e9 o s\u00e9timo navio do Programa de Moderniza\u00e7\u00e3o Expans\u00e3o da Frota (Promef) a entrar em opera\u00e7\u00e3o e o terceiro constru\u00eddo pelo Atl\u00e2ntico Sul. A embarca\u00e7\u00e3o \u00e9 um petroleiro suezmax, com capacidade para transportar um milh\u00e3o de barris de petr\u00f3leo.\u00a0<\/p>\n<p>Durante o evento, ser\u00e1 realizado ainda o batismo do petroleiro Henrique Dias, quarto navio da s\u00e9rie de 10 do tipo Suezmax encomendados ao EAS.<\/p>\n<p>Respons\u00e1vel por batizar os navios da frota, a Transpetro t\u00eam escolhido nomes de lideran\u00e7as negras para as embarca\u00e7\u00f5es do EAS. O primeiro foi Jo\u00e3o C\u00e2ndido (l\u00e9der da Revolta da Chibata), o segundo foi Zumbi dos Palmares (\u00faltimo l\u00edder do Quilombo dos Palmares), o terceiro Drag\u00e3o do Mar (l\u00e9der negro cearense) e o quarto ser\u00e1 Henrique Dias (filho de escravos que lutou contra a Invas\u00e3o Holandesa).<\/p>\n<p>Fonte: com informa\u00e7\u00f5es Jornal do Commercio<\/p>\n","protected":false},"excerpt":{"rendered":"<p>Navio \u00e9 a s\u00e9tima embarca\u00e7\u00e3o do Promef a entrar em opera\u00e7\u00e3o O navio petroleiro Drag\u00e3o do Mar, da Transpetro, deixa o Porto de Suape nesta&#8230;<\/p>\n","protected":false},"author":1182,"featured_media":4908,"comment_status":"closed","ping_status":"closed","sticky":false,"template":"","format":"standard","meta":{"footnotes":""},"categories":[6],"tags":[941,940,47,377,942,105],"class_list":["post-4907","post","type-post","status-publish","format-standard","has-post-thumbnail","hentry","category-noticias","tag-dragao-do-mar","tag-inicio","tag-navio","tag-operacao","tag-promef","tag-transpetro"],"_links":{"self":[{"href":"https:\/\/www.sincomam.org.br\/index.php\/wp-json\/wp\/v2\/posts\/4907","targetHints":{"allow":["GET"]}}],"collection":[{"href":"https:\/\/www.sincomam.org.br\/index.php\/wp-json\/wp\/v2\/posts"}],"about":[{"href":"https:\/\/www.sincomam.org.br\/index.php\/wp-json\/wp\/v2\/types\/post"}],"author":[{"embeddable":true,"href":"https:\/\/www.sincomam.org.br\/index.php\/wp-json\/wp\/v2\/users\/1182"}],"replies":[{"embeddable":true,"href":"https:\/\/www.sincomam.org.br\/index.php\/wp-json\/wp\/v2\/comments?post=4907"}],"version-history":[{"count":1,"href":"https:\/\/www.sincomam.org.br\/index.php\/wp-json\/wp\/v2\/posts\/4907\/revisions"}],"predecessor-version":[{"id":4909,"href":"https:\/\/www.sincomam.org.br\/index.php\/wp-json\/wp\/v2\/posts\/4907\/revisions\/4909"}],"wp:featuredmedia":[{"embeddable":true,"href":"https:\/\/www.sincomam.org.br\/index.php\/wp-json\/wp\/v2\/media\/4908"}],"wp:attachment":[{"href":"https:\/\/www.sincomam.org.br\/index.php\/wp-json\/wp\/v2\/media?parent=4907"}],"wp:term":[{"taxonomy":"category","embeddable":true,"href":"https:\/\/www.sincomam.org.br\/index.php\/wp-json\/wp\/v2\/categories?post=4907"},{"taxonomy":"post_tag","embeddable":true,"href":"https:\/\/www.sincomam.org.br\/index.php\/wp-json\/wp\/v2\/tags?post=4907"}],"curies":[{"name":"wp","href":"https:\/\/api.w.org\/{rel}","templated":true}]}}