{"id":49065,"date":"2023-12-26T12:17:37","date_gmt":"2023-12-26T15:17:37","guid":{"rendered":"http:\/\/www.sincomam.org.br\/?p=49065"},"modified":"2023-12-26T12:17:37","modified_gmt":"2023-12-26T15:17:37","slug":"governo-anuncia-aumento-de-gas-natural-no-brasil-para-2024","status":"publish","type":"post","link":"https:\/\/www.sincomam.org.br\/index.php\/governo-anuncia-aumento-de-gas-natural-no-brasil-para-2024\/","title":{"rendered":"GOVERNO ANUNCIA AUMENTO DE G\u00c1S NATURAL NO BRASIL PARA 2024"},"content":{"rendered":"<p><span data-contrast=\"auto\">O vice-presidente e ministro do Desenvolvimento, Ind\u00fastria, Com\u00e9rcio e Ind\u00fastria, Geraldo Alckmin, junto do ministro da Agricultura e Pecu\u00e1ria, Carlos F\u00e1varo e do ministro de Minas e Energia, Alexandre Silveira, anunciou nesta quinta-feira (21) o funcionamento do Gasoduto Rota 3 para o segundo semestre de 2024. A Unidade de Processamento de G\u00e1s Natural (UPGN), ir\u00e1 ampliar em 14 milh\u00f5es de m\u00b3 a quantidade de g\u00e1s natural produzido no Brasil por dia.\u00a0<\/span><span data-ccp-props=\"{&quot;201341983&quot;:0,&quot;335551550&quot;:6,&quot;335551620&quot;:6,&quot;335559739&quot;:160,&quot;335559740&quot;:259}\">\u00a0<\/span><\/p>\n<p><span data-contrast=\"auto\">A decis\u00e3o foi definida em reuni\u00e3o nesta manh\u00e3, no Pal\u00e1cio do Planalto, onde al\u00e9m dos ministros participaram tamb\u00e9m\u00a0o presidente da Petrobr\u00e1s, Jean Paul, e as equipes t\u00e9cnicas das pastas, para discutirem o aumento da oferta de g\u00e1s natural, e tamb\u00e9m sobre as plantas de fabrica\u00e7\u00e3o de\u00a0fertilizantes\u00a0nitrogenados.<\/span><span data-ccp-props=\"{&quot;201341983&quot;:0,&quot;335551550&quot;:6,&quot;335551620&quot;:6,&quot;335559739&quot;:160,&quot;335559740&quot;:259}\">\u00a0<\/span><\/p>\n<p><span data-contrast=\"auto\">o Brasil consome em torno de 60 milh\u00f5es de m\u00b3 de g\u00e1s por dia e produz em torno de 45 milh\u00f5es de m\u00b3 por dia.\u00a0\u201c\u00c9\u00a0mais um ter\u00e7o do que o Brasil produz hoje\u201d, destacou Alckmin.\u00a0<\/span><span data-ccp-props=\"{&quot;201341983&quot;:0,&quot;335551550&quot;:6,&quot;335551620&quot;:6,&quot;335559739&quot;:160,&quot;335559740&quot;:259}\">\u00a0<\/span><\/p>\n<p><span data-contrast=\"auto\">O Gasoduto Rota 3 escoar\u00e1 g\u00e1s natural do Polo\u00a0Pr\u00e9-Sal da Bacia de Santos at\u00e9 o Complexo Petroqu\u00edmico do Estado do Rio de Janeiro (Comperj), em Itabora\u00ed.<\/span><span data-ccp-props=\"{&quot;201341983&quot;:0,&quot;335551550&quot;:6,&quot;335551620&quot;:6,&quot;335559739&quot;:160,&quot;335559740&quot;:259}\">\u00a0<\/span><\/p>\n<p><span data-contrast=\"auto\">\u201cN\u00f3s temos procurado criar todas as pol\u00edticas que impulsionem o planejamento.\u00a0A produ\u00e7\u00e3o de g\u00e1s depende muito de n\u00f3s aumentarmos a oferta e n\u00f3s vamos conseguir isso a m\u00e9dio prazo\u201d, explicou o ministro Alexandre Silveira.\u00a0\u00a0<\/span><span data-ccp-props=\"{&quot;201341983&quot;:0,&quot;335551550&quot;:6,&quot;335551620&quot;:6,&quot;335559739&quot;:160,&quot;335559740&quot;:259}\">\u00a0<\/span><\/p>\n<p><span data-contrast=\"auto\">Com um importante papel no mercado global agr\u00edcola, atualmente o Brasil importa quase 90% dos fertilizantes que s\u00e3o usados na agricultura.\u00a0Segundo o ministro F\u00e1varo, diminuir essa depend\u00eancia dos fertilizantes \u00e9 fundamental.\u00a0<\/span><span data-ccp-props=\"{&quot;201341983&quot;:0,&quot;335551550&quot;:6,&quot;335551620&quot;:6,&quot;335559739&quot;:160,&quot;335559740&quot;:259}\">\u00a0<\/span><\/p>\n<p><span data-contrast=\"auto\">\u201cJ\u00e1 vimos que no momento de\u00a0pandemia ou de guerra essa nossa depend\u00eancia do mercado internacional nos deixa\u00a0vulner\u00e1veis\u00a0e que isso pode aumentar os custos de produ\u00e7\u00e3o, aumentando pre\u00e7os dos alimentos e tirando competitividade. Ent\u00e3o diminuir essa depend\u00eancia \u00e9 trazer estabilidade nos alimentos e seguran\u00e7a alimentar para o Brasil\u201d, ressaltou F\u00e1varo.\u00a0<\/span><span data-ccp-props=\"{&quot;201341983&quot;:0,&quot;335551550&quot;:6,&quot;335551620&quot;:6,&quot;335559739&quot;:160,&quot;335559740&quot;:259}\">\u00a0<\/span><\/p>\n<p>Fonte: Informativo dos Portos<\/p>\n","protected":false},"excerpt":{"rendered":"<p>O vice-presidente e ministro do Desenvolvimento, Ind\u00fastria, Com\u00e9rcio e Ind\u00fastria, Geraldo Alckmin, junto do ministro da Agricultura e Pecu\u00e1ria, Carlos F\u00e1varo e do ministro de&#8230;<\/p>\n","protected":false},"author":1527,"featured_media":49066,"comment_status":"closed","ping_status":"closed","sticky":false,"template":"","format":"standard","meta":{"footnotes":""},"categories":[6],"tags":[],"class_list":["post-49065","post","type-post","status-publish","format-standard","has-post-thumbnail","hentry","category-noticias"],"_links":{"self":[{"href":"https:\/\/www.sincomam.org.br\/index.php\/wp-json\/wp\/v2\/posts\/49065","targetHints":{"allow":["GET"]}}],"collection":[{"href":"https:\/\/www.sincomam.org.br\/index.php\/wp-json\/wp\/v2\/posts"}],"about":[{"href":"https:\/\/www.sincomam.org.br\/index.php\/wp-json\/wp\/v2\/types\/post"}],"author":[{"embeddable":true,"href":"https:\/\/www.sincomam.org.br\/index.php\/wp-json\/wp\/v2\/users\/1527"}],"replies":[{"embeddable":true,"href":"https:\/\/www.sincomam.org.br\/index.php\/wp-json\/wp\/v2\/comments?post=49065"}],"version-history":[{"count":1,"href":"https:\/\/www.sincomam.org.br\/index.php\/wp-json\/wp\/v2\/posts\/49065\/revisions"}],"predecessor-version":[{"id":49067,"href":"https:\/\/www.sincomam.org.br\/index.php\/wp-json\/wp\/v2\/posts\/49065\/revisions\/49067"}],"wp:featuredmedia":[{"embeddable":true,"href":"https:\/\/www.sincomam.org.br\/index.php\/wp-json\/wp\/v2\/media\/49066"}],"wp:attachment":[{"href":"https:\/\/www.sincomam.org.br\/index.php\/wp-json\/wp\/v2\/media?parent=49065"}],"wp:term":[{"taxonomy":"category","embeddable":true,"href":"https:\/\/www.sincomam.org.br\/index.php\/wp-json\/wp\/v2\/categories?post=49065"},{"taxonomy":"post_tag","embeddable":true,"href":"https:\/\/www.sincomam.org.br\/index.php\/wp-json\/wp\/v2\/tags?post=49065"}],"curies":[{"name":"wp","href":"https:\/\/api.w.org\/{rel}","templated":true}]}}