{"id":49046,"date":"2023-12-22T08:25:37","date_gmt":"2023-12-22T11:25:37","guid":{"rendered":"http:\/\/www.sincomam.org.br\/?p=49046"},"modified":"2023-12-22T08:25:37","modified_gmt":"2023-12-22T11:25:37","slug":"marinha-apoia-receita-federal-em-acao-da-glo-do-mar-na-baia-de-guanabara","status":"publish","type":"post","link":"https:\/\/www.sincomam.org.br\/index.php\/marinha-apoia-receita-federal-em-acao-da-glo-do-mar-na-baia-de-guanabara\/","title":{"rendered":"Marinha apoia Receita Federal em a\u00e7\u00e3o da \u201cGLO do Mar\u201d na Ba\u00eda de Guanabara"},"content":{"rendered":"<div class=\"rtejustify\">Nesta quinta-feira (21), a Marinha do Brasil (MB), ap\u00f3s solicita\u00e7\u00e3o da Receita Federal, apoiou a\u00e7\u00e3o de abordagem a um veleiro estrangeiro nas proximidades da Ba\u00eda de Guanabara. Participaram da a\u00e7\u00e3o seis servidores e um c\u00e3o de faro da Receita Federal, al\u00e9m de quatro militares e um c\u00e3o de faro da MB.<\/div>\n<div class=\"rtejustify\"><\/div>\n<div class=\"rtejustify\">A a\u00e7\u00e3o resultou na apreens\u00e3o da embarca\u00e7\u00e3o, que segundo a Receita Federal, apresentava suspeita de situa\u00e7\u00e3o irregular no pa\u00eds. A embarca\u00e7\u00e3o de luxo \u00e9 avaliada em, aproximadamente, 400 mil euros e estava fundeada na Enseada de Botafogo.<\/div>\n<div class=\"rtejustify\"><\/div>\n<div class=\"rtejustify\">O veleiro foi conduzido e entregue \u00e0 Capitania dos Portos no Rio de Janeiro, ficando sob a guarda do representante da Autoridade Mar\u00edtima Brasileira. Esse tipo de trabalho conjunto permite a soma das capacidades de cada \u00f3rg\u00e3o, maximizando a efici\u00eancia do emprego da tropa.<\/div>\n<div class=\"rtejustify\"><\/div>\n<div class=\"rtejustify\">\u201cNo contexto da Opera\u00e7\u00e3o da Garantia da Lei e do Ordem, a a\u00e7\u00e3o da MB refor\u00e7a o car\u00e1ter interag\u00eancias, onde os esfor\u00e7os colaborativos e o respeito \u00e0s compet\u00eancias de cada \u00f3rg\u00e3o contribuem para a realiza\u00e7\u00e3o de a\u00e7\u00f5es sin\u00e9rgicas e que beneficiam a sociedade como um todo\u201d, destacou o Comandante da For\u00e7a Tarefa da Marinha, Vice-Almirante (Fuzileiro Naval) Renato Rangel Ferreira.<\/div>\n<div class=\"rtejustify\"><\/div>\n<div class=\"rtejustify\"><strong>Garantia da Lei e da Ordem<\/strong><br \/>\nA Garantia da Lei e da Ordem (GLO) \u00e9 uma medida prevista na Constitui\u00e7\u00e3o Brasileira, que autoriza o presidente a utilizar as For\u00e7as Armadas para restabelecer a ordem em situa\u00e7\u00f5es espec\u00edficas, como no combate ao crime organizado, no controle de dist\u00farbios civis ou na prote\u00e7\u00e3o de bens e pessoas em casos de emerg\u00eancia.<\/div>\n<div class=\"rtejustify\"><\/div>\n<div class=\"rtejustify\">Desde o dia 6 de novembro de 2023, cerca de 1.900 militares da MB est\u00e3o sendo empregados no fortalecimento das a\u00e7\u00f5es de preven\u00e7\u00e3o e repress\u00e3o a delitos, conforme o Decreto N\u00ba 11.765, assinado pelo Presidente da Rep\u00fablica, Luiz In\u00e1cio Lula da Silva, em 1\u00ba de novembro de 2023. Essa medida permitiu a atua\u00e7\u00e3o das For\u00e7as Armadas em opera\u00e7\u00f5es conjuntas com ag\u00eancias e \u00d3rg\u00e3os de Seguran\u00e7a P\u00fablica para combater atividades ilegais, como o tr\u00e1fico de drogas, armas e il\u00edcitos, al\u00e9m de refor\u00e7ar a seguran\u00e7a em \u00e1reas vitais para economia, como os portos do Rio de Janeiro (RJ), Itagua\u00ed(RJ) e Santos (SP).<\/div>\n<p>Fonte: Ag\u00eancia Marinha de Not\u00edcias<\/p>\n","protected":false},"excerpt":{"rendered":"<p>Nesta quinta-feira (21), a Marinha do Brasil (MB), ap\u00f3s solicita\u00e7\u00e3o da Receita Federal, apoiou a\u00e7\u00e3o de abordagem a um veleiro estrangeiro nas proximidades da Ba\u00eda&#8230;<\/p>\n","protected":false},"author":1527,"featured_media":49047,"comment_status":"closed","ping_status":"closed","sticky":false,"template":"","format":"standard","meta":{"footnotes":""},"categories":[6],"tags":[],"class_list":["post-49046","post","type-post","status-publish","format-standard","has-post-thumbnail","hentry","category-noticias"],"_links":{"self":[{"href":"https:\/\/www.sincomam.org.br\/index.php\/wp-json\/wp\/v2\/posts\/49046","targetHints":{"allow":["GET"]}}],"collection":[{"href":"https:\/\/www.sincomam.org.br\/index.php\/wp-json\/wp\/v2\/posts"}],"about":[{"href":"https:\/\/www.sincomam.org.br\/index.php\/wp-json\/wp\/v2\/types\/post"}],"author":[{"embeddable":true,"href":"https:\/\/www.sincomam.org.br\/index.php\/wp-json\/wp\/v2\/users\/1527"}],"replies":[{"embeddable":true,"href":"https:\/\/www.sincomam.org.br\/index.php\/wp-json\/wp\/v2\/comments?post=49046"}],"version-history":[{"count":1,"href":"https:\/\/www.sincomam.org.br\/index.php\/wp-json\/wp\/v2\/posts\/49046\/revisions"}],"predecessor-version":[{"id":49048,"href":"https:\/\/www.sincomam.org.br\/index.php\/wp-json\/wp\/v2\/posts\/49046\/revisions\/49048"}],"wp:featuredmedia":[{"embeddable":true,"href":"https:\/\/www.sincomam.org.br\/index.php\/wp-json\/wp\/v2\/media\/49047"}],"wp:attachment":[{"href":"https:\/\/www.sincomam.org.br\/index.php\/wp-json\/wp\/v2\/media?parent=49046"}],"wp:term":[{"taxonomy":"category","embeddable":true,"href":"https:\/\/www.sincomam.org.br\/index.php\/wp-json\/wp\/v2\/categories?post=49046"},{"taxonomy":"post_tag","embeddable":true,"href":"https:\/\/www.sincomam.org.br\/index.php\/wp-json\/wp\/v2\/tags?post=49046"}],"curies":[{"name":"wp","href":"https:\/\/api.w.org\/{rel}","templated":true}]}}