{"id":49022,"date":"2023-12-21T10:28:48","date_gmt":"2023-12-21T13:28:48","guid":{"rendered":"http:\/\/www.sincomam.org.br\/?p=49022"},"modified":"2023-12-21T10:28:48","modified_gmt":"2023-12-21T13:28:48","slug":"porto-do-rio-de-janeiro-recebe-iluminacao-viaria","status":"publish","type":"post","link":"https:\/\/www.sincomam.org.br\/index.php\/porto-do-rio-de-janeiro-recebe-iluminacao-viaria\/","title":{"rendered":"Porto do Rio de Janeiro recebe ilumina\u00e7\u00e3o vi\u00e1ria"},"content":{"rendered":"<p>Est\u00e1 prevista para a pr\u00f3xima semana a conclus\u00e3o da implementa\u00e7\u00e3o da nova ilumina\u00e7\u00e3o vi\u00e1ria no Porto do Rio de Janeiro, iniciada em 10 de agosto deste ano. A interven\u00e7\u00e3o abrange a via interna do porto, entre o port\u00e3o do terminal de ve\u00edculos Multi-Car e o port\u00e3o do terminal de cont\u00eaineres MultiRio, visando aprimorar a seguran\u00e7a para pedestres e ve\u00edculos.<\/p>\n<p>A PortosRio, respons\u00e1vel pela administra\u00e7\u00e3o portu\u00e1ria, investiu R$ 710 mil neste projeto, conduzido pela Almeida e Romanini Engenharia Ltda-EPP, contratada por meio de licita\u00e7\u00e3o.<\/p>\n<p>Conforme informa\u00e7\u00f5es da \u00e1rea de engenharia da autoridade portu\u00e1ria, a nova ilumina\u00e7\u00e3o consiste em postes met\u00e1licos de nove metros, espa\u00e7ados em 32 metros, equipados com 37 l\u00e2mpadas de LED de 150W.<\/p>\n<p>&nbsp;<\/p>\n<p>Fonte: Portos e Navios<\/p>\n","protected":false},"excerpt":{"rendered":"<p>Est\u00e1 prevista para a pr\u00f3xima semana a conclus\u00e3o da implementa\u00e7\u00e3o da nova ilumina\u00e7\u00e3o vi\u00e1ria no Porto do Rio de Janeiro, iniciada em 10 de agosto&#8230;<\/p>\n","protected":false},"author":1527,"featured_media":49023,"comment_status":"closed","ping_status":"closed","sticky":false,"template":"","format":"standard","meta":{"footnotes":""},"categories":[6],"tags":[],"class_list":["post-49022","post","type-post","status-publish","format-standard","has-post-thumbnail","hentry","category-noticias"],"_links":{"self":[{"href":"https:\/\/www.sincomam.org.br\/index.php\/wp-json\/wp\/v2\/posts\/49022","targetHints":{"allow":["GET"]}}],"collection":[{"href":"https:\/\/www.sincomam.org.br\/index.php\/wp-json\/wp\/v2\/posts"}],"about":[{"href":"https:\/\/www.sincomam.org.br\/index.php\/wp-json\/wp\/v2\/types\/post"}],"author":[{"embeddable":true,"href":"https:\/\/www.sincomam.org.br\/index.php\/wp-json\/wp\/v2\/users\/1527"}],"replies":[{"embeddable":true,"href":"https:\/\/www.sincomam.org.br\/index.php\/wp-json\/wp\/v2\/comments?post=49022"}],"version-history":[{"count":1,"href":"https:\/\/www.sincomam.org.br\/index.php\/wp-json\/wp\/v2\/posts\/49022\/revisions"}],"predecessor-version":[{"id":49024,"href":"https:\/\/www.sincomam.org.br\/index.php\/wp-json\/wp\/v2\/posts\/49022\/revisions\/49024"}],"wp:featuredmedia":[{"embeddable":true,"href":"https:\/\/www.sincomam.org.br\/index.php\/wp-json\/wp\/v2\/media\/49023"}],"wp:attachment":[{"href":"https:\/\/www.sincomam.org.br\/index.php\/wp-json\/wp\/v2\/media?parent=49022"}],"wp:term":[{"taxonomy":"category","embeddable":true,"href":"https:\/\/www.sincomam.org.br\/index.php\/wp-json\/wp\/v2\/categories?post=49022"},{"taxonomy":"post_tag","embeddable":true,"href":"https:\/\/www.sincomam.org.br\/index.php\/wp-json\/wp\/v2\/tags?post=49022"}],"curies":[{"name":"wp","href":"https:\/\/api.w.org\/{rel}","templated":true}]}}