{"id":48998,"date":"2023-12-20T10:54:23","date_gmt":"2023-12-20T13:54:23","guid":{"rendered":"http:\/\/www.sincomam.org.br\/?p=48998"},"modified":"2023-12-20T10:54:23","modified_gmt":"2023-12-20T13:54:23","slug":"ultimo-dia-do-ano-tera-quatro-navios-de-cruzeiros-simultaneos-no-porto-do-rio-de-janeiro","status":"publish","type":"post","link":"https:\/\/www.sincomam.org.br\/index.php\/ultimo-dia-do-ano-tera-quatro-navios-de-cruzeiros-simultaneos-no-porto-do-rio-de-janeiro\/","title":{"rendered":"\u00daltimo dia do ano ter\u00e1 quatro navios de cruzeiros simult\u00e2neos no Porto do Rio de Janeiro"},"content":{"rendered":"<p>Nesta segunda quinzena de dezembro, o Porto do Rio de Janeiro tem uma intensa movimenta\u00e7\u00e3o de navios e uma m\u00e9dia de 57 mil turistas circulando pelo Terminal Internacional de Cruzeiros Pier Mau\u00e1. Nos pr\u00f3ximos dias 22 e 25, haver\u00e1 duas atraca\u00e7\u00f5es simult\u00e2neas e no dia 31 ser\u00e3o quatro navios.<\/p>\n<p>O &#8220;Europa 2&#8221; segue de Salvador no dia 20, por volta de 17h e permanece no Pier Mau\u00e1 at\u00e9 o dia 22, 18h, com destino a Itaja\u00ed. Com o navio estrangeiro j\u00e1 atracado, dia 22 haver\u00e1 dois navios, pois o &#8220;Costa Fascinosa&#8221; chega de Buenos Aires por volta de 12h e parte com destino a Ilha Bela \u00e0s 22h.<\/p>\n<p>Dia 23 \u00e9 a vez do &#8220;Seaview&#8221; chegar da Ilha Bela com destino a Buenos Aires. No Natal, dia 25 de dezembro, mais duas embarca\u00e7\u00f5es ficar\u00e3o atracadas no terminal. S\u00e3o o &#8220;MSC Musica&#8221; e o &#8220;Costa Diadema&#8221;.<\/p>\n<p>Dia 30 \u00e9 a vez do &#8220;Azamara Quest&#8221; que parte de Montevideo e pernoita no Porto do Rio com destino a Copacabana para a queima de fogos em alto-mar, assim como os navios que chegam no dia 31: &#8220;MSC Seaview&#8221;, &#8220;Costa Fascinosa&#8221; e, pela primeira vez no Pier Mau\u00e1, o &#8220;Serenade of the Seas&#8221;.<\/p>\n<p>Sobre a temporada 2023\/2024 &#8211; At\u00e9 o dia 4 de maio de 2024, a temporada de cruzeiros no Porto do Rio de Janeiro ter\u00e1 recebido, ao todo, 37 navios, dos quais 27 estrangeiros e 10 nacionais. A previs\u00e3o \u00e9 de 85 escalas nacionais, 34 internacionais e uma movimenta\u00e7\u00e3o de 440 mil visitantes durante toda a temporada.<\/p>\n<p>Fonte: Portos e Navios<\/p>\n","protected":false},"excerpt":{"rendered":"<p>Nesta segunda quinzena de dezembro, o Porto do Rio de Janeiro tem uma intensa movimenta\u00e7\u00e3o de navios e uma m\u00e9dia de 57 mil turistas circulando&#8230;<\/p>\n","protected":false},"author":1527,"featured_media":49000,"comment_status":"closed","ping_status":"closed","sticky":false,"template":"","format":"standard","meta":{"footnotes":""},"categories":[6],"tags":[],"class_list":["post-48998","post","type-post","status-publish","format-standard","has-post-thumbnail","hentry","category-noticias"],"_links":{"self":[{"href":"https:\/\/www.sincomam.org.br\/index.php\/wp-json\/wp\/v2\/posts\/48998","targetHints":{"allow":["GET"]}}],"collection":[{"href":"https:\/\/www.sincomam.org.br\/index.php\/wp-json\/wp\/v2\/posts"}],"about":[{"href":"https:\/\/www.sincomam.org.br\/index.php\/wp-json\/wp\/v2\/types\/post"}],"author":[{"embeddable":true,"href":"https:\/\/www.sincomam.org.br\/index.php\/wp-json\/wp\/v2\/users\/1527"}],"replies":[{"embeddable":true,"href":"https:\/\/www.sincomam.org.br\/index.php\/wp-json\/wp\/v2\/comments?post=48998"}],"version-history":[{"count":1,"href":"https:\/\/www.sincomam.org.br\/index.php\/wp-json\/wp\/v2\/posts\/48998\/revisions"}],"predecessor-version":[{"id":49001,"href":"https:\/\/www.sincomam.org.br\/index.php\/wp-json\/wp\/v2\/posts\/48998\/revisions\/49001"}],"wp:featuredmedia":[{"embeddable":true,"href":"https:\/\/www.sincomam.org.br\/index.php\/wp-json\/wp\/v2\/media\/49000"}],"wp:attachment":[{"href":"https:\/\/www.sincomam.org.br\/index.php\/wp-json\/wp\/v2\/media?parent=48998"}],"wp:term":[{"taxonomy":"category","embeddable":true,"href":"https:\/\/www.sincomam.org.br\/index.php\/wp-json\/wp\/v2\/categories?post=48998"},{"taxonomy":"post_tag","embeddable":true,"href":"https:\/\/www.sincomam.org.br\/index.php\/wp-json\/wp\/v2\/tags?post=48998"}],"curies":[{"name":"wp","href":"https:\/\/api.w.org\/{rel}","templated":true}]}}