{"id":48988,"date":"2023-12-19T09:14:39","date_gmt":"2023-12-19T12:14:39","guid":{"rendered":"http:\/\/www.sincomam.org.br\/?p=48988"},"modified":"2023-12-19T09:14:39","modified_gmt":"2023-12-19T12:14:39","slug":"aplicativo-do-governo-vai-agilizar-bloqueio-de-celular-roubado","status":"publish","type":"post","link":"https:\/\/www.sincomam.org.br\/index.php\/aplicativo-do-governo-vai-agilizar-bloqueio-de-celular-roubado\/","title":{"rendered":"Aplicativo do governo vai agilizar bloqueio de celular roubado"},"content":{"rendered":"<div class=\"post-item-wrap\">\n<p>O governo federal vai lan\u00e7ar, nesta ter\u00e7a-feira (19), o aplicativo Celular Seguro, que permitir\u00e1 o bloqueio imediato de linhas telef\u00f4nicas e do pr\u00f3prio aparelho de telefone m\u00f3vel em casos de roubo e furto.<img decoding=\"async\" src=\"https:\/\/agenciabrasil.ebc.com.br\/ebc.png?id=1573233&amp;o=node\" \/><img decoding=\"async\" src=\"https:\/\/agenciabrasil.ebc.com.br\/ebc.gif?id=1573233&amp;o=node\" \/><\/p>\n<p>Para utilizar o aplicativo, a pessoa dever\u00e1 cadastrar os dados em uma p\u00e1gina na internet a ser divulgada pelo governo federal. \u201cCaso voc\u00ea seja roubado, \u00e9 s\u00f3 acionar o sistema por um computador que operadora telef\u00f4nica e bancos s\u00e3o notificados no mesmo instante, bloqueando acessos\u201d, explicou o ministro-chefe da Secretaria de Comunica\u00e7\u00e3o Social da Presid\u00eancia da Rep\u00fablica, Paulo Pimenta, em postagem nas redes sociais.<\/p>\n<p>\u201cUma medida importante para diminuir a dor de cabe\u00e7a e as perdas financeiras de quem passa por furto ou roubo. Amanh\u00e3 j\u00e1 estar\u00e1 dispon\u00edvel nas lojas de aplicativos\u201d, completou o ministro.<\/p>\n<p>A nova plataforma foi desenhada pelo Minist\u00e9rio da Justi\u00e7a e Seguran\u00e7a P\u00fablica (MJSP) em parceria com a Federa\u00e7\u00e3o Brasileira de Bancos (Febraban) e com a Ag\u00eancia Nacional de Telecomunica\u00e7\u00f5es (Anatel). De acordo com o secret\u00e1rio-executivo da pasta, Ricardo Cappelli, os celulares roubados ser\u00e3o transformados \u201cnum peda\u00e7o de metal in\u00fatil\u201d ap\u00f3s o bloqueio.<\/p>\n<p>\u201cCom apenas um clique, a v\u00edtima enviar\u00e1 um aviso simultaneamente para a Anatel, para os bancos, para as operadoras de telefonia e para os demais aplicativos\u201d, anunciou.<\/p>\n<\/div>\n<p class=\"alt-font font-italic my-2 small text-info\">Fonte: Ag\u00eancia Brasil<\/p>\n","protected":false},"excerpt":{"rendered":"<p>O governo federal vai lan\u00e7ar, nesta ter\u00e7a-feira (19), o aplicativo Celular Seguro, que permitir\u00e1 o bloqueio imediato de linhas telef\u00f4nicas e do pr\u00f3prio aparelho de&#8230;<\/p>\n","protected":false},"author":1527,"featured_media":48989,"comment_status":"closed","ping_status":"closed","sticky":false,"template":"","format":"standard","meta":{"footnotes":""},"categories":[6],"tags":[],"class_list":["post-48988","post","type-post","status-publish","format-standard","has-post-thumbnail","hentry","category-noticias"],"_links":{"self":[{"href":"https:\/\/www.sincomam.org.br\/index.php\/wp-json\/wp\/v2\/posts\/48988","targetHints":{"allow":["GET"]}}],"collection":[{"href":"https:\/\/www.sincomam.org.br\/index.php\/wp-json\/wp\/v2\/posts"}],"about":[{"href":"https:\/\/www.sincomam.org.br\/index.php\/wp-json\/wp\/v2\/types\/post"}],"author":[{"embeddable":true,"href":"https:\/\/www.sincomam.org.br\/index.php\/wp-json\/wp\/v2\/users\/1527"}],"replies":[{"embeddable":true,"href":"https:\/\/www.sincomam.org.br\/index.php\/wp-json\/wp\/v2\/comments?post=48988"}],"version-history":[{"count":1,"href":"https:\/\/www.sincomam.org.br\/index.php\/wp-json\/wp\/v2\/posts\/48988\/revisions"}],"predecessor-version":[{"id":48990,"href":"https:\/\/www.sincomam.org.br\/index.php\/wp-json\/wp\/v2\/posts\/48988\/revisions\/48990"}],"wp:featuredmedia":[{"embeddable":true,"href":"https:\/\/www.sincomam.org.br\/index.php\/wp-json\/wp\/v2\/media\/48989"}],"wp:attachment":[{"href":"https:\/\/www.sincomam.org.br\/index.php\/wp-json\/wp\/v2\/media?parent=48988"}],"wp:term":[{"taxonomy":"category","embeddable":true,"href":"https:\/\/www.sincomam.org.br\/index.php\/wp-json\/wp\/v2\/categories?post=48988"},{"taxonomy":"post_tag","embeddable":true,"href":"https:\/\/www.sincomam.org.br\/index.php\/wp-json\/wp\/v2\/tags?post=48988"}],"curies":[{"name":"wp","href":"https:\/\/api.w.org\/{rel}","templated":true}]}}