{"id":4898,"date":"2014-04-14T08:22:25","date_gmt":"2014-04-14T11:22:25","guid":{"rendered":"http:\/\/www.sincomam.org.br\/?p=4898"},"modified":"2014-04-14T08:58:36","modified_gmt":"2014-04-14T11:58:36","slug":"capitania-dos-portos-em-sao-sebastiao-apreende-embarcacao-por-contrariar-normas-de-navegacao","status":"publish","type":"post","link":"https:\/\/www.sincomam.org.br\/index.php\/capitania-dos-portos-em-sao-sebastiao-apreende-embarcacao-por-contrariar-normas-de-navegacao\/","title":{"rendered":"Capitania dos Portos em S\u00e3o Sebasti\u00e3o apreende embarca\u00e7\u00e3o por contrariar normas de navega\u00e7\u00e3o"},"content":{"rendered":"<p>A embarca\u00e7\u00e3o Samyla foi notificada na \u00faltima quinta-feira (10\/4) pela Delegacia da Capitania dos Portos em S\u00e3o Sebasti\u00e3o, no Litoral Norte, e capturada pelo Navio Patrulha Maca\u00e9 da Marinha do Brasil, ap\u00f3s desobedecer regras da navega\u00e7\u00e3o e se aproximar de uma plataforma de petr\u00f3leo.<\/p>\n<p>De acordo com a Autoridade Mar\u00edtima, o barco, que contava com seis tripulantes a bordo, estava amarrado \u00e0 Plataforma PB Mexilh\u00e3o, contrariando a NORMAM 07, item 0213, al\u00ednea \u201cf\u201d, a qual pro\u00edbe que embarca\u00e7\u00f5es aproximem-se \u201ca menos de 500 metros das plataformas de petr\u00f3leo\u201d.<\/p>\n<p>Ao ser abordada pela equipe de Inspe\u00e7\u00e3o Naval da Delegacia, no Porto de S\u00e3o Sebasti\u00e3o, foi verificado que a embarca\u00e7\u00e3o n\u00e3o possu\u00eda o n\u00famero m\u00ednimo de quatro tripulantes habilitados, conforme estipulado no Cart\u00e3o de Tripula\u00e7\u00e3o de Seguran\u00e7a (CTS), al\u00e9m de apresentar outras irregularidades adicionais: um tripulante com habilita\u00e7\u00e3o vencida e n\u00famero do costado parcialmente ileg\u00edvel e diferente do n\u00famero de inscri\u00e7\u00e3o constante da documenta\u00e7\u00e3o da embarca\u00e7\u00e3o.<\/p>\n<p>Em parceria com a Pol\u00edcia Federal (PF) e o Instituto Brasileiro do Meio Ambiente e dos Recursos Naturais Renov\u00e1veis (Ibama), a Marinha do Brasil entregou os tripulantes da Samyla \u00e0 Delegacia da Pol\u00edcia Federal, a fim de permitir que seja averiguado se houve cometimento de crime, a ser enquadrado pela pr\u00f3pria PF, bem como encaminhar\u00e1 Relat\u00f3rio de Ocorr\u00eancia ao \u00f3rg\u00e3o ambiental, para a ado\u00e7\u00e3o das medidas julgadas cab\u00edveis.<\/p>\n<p>Fonte: Tribuna On-line<\/p>\n","protected":false},"excerpt":{"rendered":"<p>A embarca\u00e7\u00e3o Samyla foi notificada na \u00faltima quinta-feira (10\/4) pela Delegacia da Capitania dos Portos em S\u00e3o Sebasti\u00e3o, no Litoral Norte, e capturada pelo Navio&#8230;<\/p>\n","protected":false},"author":1182,"featured_media":0,"comment_status":"closed","ping_status":"closed","sticky":false,"template":"","format":"standard","meta":{"footnotes":""},"categories":[6],"tags":[933,352,932,290],"class_list":["post-4898","post","type-post","status-publish","format-standard","hentry","category-noticias","tag-delegacia-da-capitania-dos-portos","tag-embarcacao","tag-samyla","tag-sao-sebastiao"],"_links":{"self":[{"href":"https:\/\/www.sincomam.org.br\/index.php\/wp-json\/wp\/v2\/posts\/4898","targetHints":{"allow":["GET"]}}],"collection":[{"href":"https:\/\/www.sincomam.org.br\/index.php\/wp-json\/wp\/v2\/posts"}],"about":[{"href":"https:\/\/www.sincomam.org.br\/index.php\/wp-json\/wp\/v2\/types\/post"}],"author":[{"embeddable":true,"href":"https:\/\/www.sincomam.org.br\/index.php\/wp-json\/wp\/v2\/users\/1182"}],"replies":[{"embeddable":true,"href":"https:\/\/www.sincomam.org.br\/index.php\/wp-json\/wp\/v2\/comments?post=4898"}],"version-history":[{"count":1,"href":"https:\/\/www.sincomam.org.br\/index.php\/wp-json\/wp\/v2\/posts\/4898\/revisions"}],"predecessor-version":[{"id":4899,"href":"https:\/\/www.sincomam.org.br\/index.php\/wp-json\/wp\/v2\/posts\/4898\/revisions\/4899"}],"wp:attachment":[{"href":"https:\/\/www.sincomam.org.br\/index.php\/wp-json\/wp\/v2\/media?parent=4898"}],"wp:term":[{"taxonomy":"category","embeddable":true,"href":"https:\/\/www.sincomam.org.br\/index.php\/wp-json\/wp\/v2\/categories?post=4898"},{"taxonomy":"post_tag","embeddable":true,"href":"https:\/\/www.sincomam.org.br\/index.php\/wp-json\/wp\/v2\/tags?post=4898"}],"curies":[{"name":"wp","href":"https:\/\/api.w.org\/{rel}","templated":true}]}}