{"id":48966,"date":"2023-12-18T09:58:07","date_gmt":"2023-12-18T12:58:07","guid":{"rendered":"http:\/\/www.sincomam.org.br\/?p=48966"},"modified":"2023-12-18T09:58:07","modified_gmt":"2023-12-18T12:58:07","slug":"hoje-e-dia-semana-tem-inicio-do-verao-no-hemisferio-sul-no-dia-22","status":"publish","type":"post","link":"https:\/\/www.sincomam.org.br\/index.php\/hoje-e-dia-semana-tem-inicio-do-verao-no-hemisferio-sul-no-dia-22\/","title":{"rendered":"Hoje \u00e9 Dia: semana tem in\u00edcio do ver\u00e3o no Hemisf\u00e9rio Sul no dia 22"},"content":{"rendered":"<p>A pen\u00faltima semana \u201ccompleta\u201d de 2023 tem um evento muito esperado por quem gosta da esta\u00e7\u00e3o que remete ao calor e \u00e0s f\u00e9rias. No dia 22 de dezembro, mais exatamente \u00e0s 0h27, ocorre o chamado Solst\u00edcio de Ver\u00e3o no Hemisf\u00e9rio Sul (no Hemisf\u00e9rio Norte \u00e9 o Solst\u00edcio de Inverno).\u00a0<img decoding=\"async\" src=\"https:\/\/agenciabrasil.ebc.com.br\/ebc.png?id=1572467&amp;o=node\" \/><img decoding=\"async\" src=\"https:\/\/agenciabrasil.ebc.com.br\/ebc.gif?id=1572467&amp;o=node\" \/><\/p>\n<p>A data vai al\u00e9m do\u00a0fato de marcar a mudan\u00e7a de esta\u00e7\u00e3o e de ser o dia mais longo do ano na parte sul do mundo. Para algumas sociedades e religi\u00f5es, o\u00a0Solst\u00edcio \u00e9 marcado por simbolismos e significados.<\/p>\n<p>&nbsp;<\/p>\n<p>Fonte: Ag\u00eancia Brasil<\/p>\n<p>&nbsp;<\/p>\n","protected":false},"excerpt":{"rendered":"<p>A pen\u00faltima semana \u201ccompleta\u201d de 2023 tem um evento muito esperado por quem gosta da esta\u00e7\u00e3o que remete ao calor e \u00e0s f\u00e9rias. No dia&#8230;<\/p>\n","protected":false},"author":1527,"featured_media":48967,"comment_status":"closed","ping_status":"closed","sticky":false,"template":"","format":"standard","meta":{"footnotes":""},"categories":[6],"tags":[],"class_list":["post-48966","post","type-post","status-publish","format-standard","has-post-thumbnail","hentry","category-noticias"],"_links":{"self":[{"href":"https:\/\/www.sincomam.org.br\/index.php\/wp-json\/wp\/v2\/posts\/48966","targetHints":{"allow":["GET"]}}],"collection":[{"href":"https:\/\/www.sincomam.org.br\/index.php\/wp-json\/wp\/v2\/posts"}],"about":[{"href":"https:\/\/www.sincomam.org.br\/index.php\/wp-json\/wp\/v2\/types\/post"}],"author":[{"embeddable":true,"href":"https:\/\/www.sincomam.org.br\/index.php\/wp-json\/wp\/v2\/users\/1527"}],"replies":[{"embeddable":true,"href":"https:\/\/www.sincomam.org.br\/index.php\/wp-json\/wp\/v2\/comments?post=48966"}],"version-history":[{"count":1,"href":"https:\/\/www.sincomam.org.br\/index.php\/wp-json\/wp\/v2\/posts\/48966\/revisions"}],"predecessor-version":[{"id":48968,"href":"https:\/\/www.sincomam.org.br\/index.php\/wp-json\/wp\/v2\/posts\/48966\/revisions\/48968"}],"wp:featuredmedia":[{"embeddable":true,"href":"https:\/\/www.sincomam.org.br\/index.php\/wp-json\/wp\/v2\/media\/48967"}],"wp:attachment":[{"href":"https:\/\/www.sincomam.org.br\/index.php\/wp-json\/wp\/v2\/media?parent=48966"}],"wp:term":[{"taxonomy":"category","embeddable":true,"href":"https:\/\/www.sincomam.org.br\/index.php\/wp-json\/wp\/v2\/categories?post=48966"},{"taxonomy":"post_tag","embeddable":true,"href":"https:\/\/www.sincomam.org.br\/index.php\/wp-json\/wp\/v2\/tags?post=48966"}],"curies":[{"name":"wp","href":"https:\/\/api.w.org\/{rel}","templated":true}]}}