{"id":48957,"date":"2023-12-18T09:49:16","date_gmt":"2023-12-18T12:49:16","guid":{"rendered":"http:\/\/www.sincomam.org.br\/?p=48957"},"modified":"2023-12-18T09:49:16","modified_gmt":"2023-12-18T12:49:16","slug":"regata-do-dia-do-marinheiro-uma-celebracao-esportiva-e-naval-em-sao-pedro-da-aldeia","status":"publish","type":"post","link":"https:\/\/www.sincomam.org.br\/index.php\/regata-do-dia-do-marinheiro-uma-celebracao-esportiva-e-naval-em-sao-pedro-da-aldeia\/","title":{"rendered":"Regata do Dia do Marinheiro: Uma Celebra\u00e7\u00e3o Esportiva e Naval em S\u00e3o Pedro da Aldeia"},"content":{"rendered":"<p>O Comando da For\u00e7a Aeronaval, em celebra\u00e7\u00e3o ao Dia do Marinheiro, promoveu a 36\u00aa edi\u00e7\u00e3o da tradicional Regata do Dia do Marinheiro. Este evento anual, que ocorreu nos dias 9 e 10 de dezembro, reuniu competidores e entusiastas na Lagoa de Araruama, pr\u00f3xima \u00e0 cidade de S\u00e3o Pedro da Aldeia, um local significativo para a Avia\u00e7\u00e3o Naval.<\/p>\n<p><strong>Diversidade de Embarca\u00e7\u00f5es e Competi\u00e7\u00f5es<\/strong><\/p>\n<p>A regata contou com a participa\u00e7\u00e3o de aproximadamente 80 embarca\u00e7\u00f5es e 160 atletas, englobando diferentes modalidades, categorias e faixas et\u00e1rias. As competi\u00e7\u00f5es inclu\u00edram Laser Standard, Radial e Dupla; Dingue; Optimist masculino, feminino e infantil; Hobie Cat 14 e 16; e Bico de Proa, al\u00e9m de disputas de Canoagem e Canoa Havaiana em diversas categorias.<\/p>\n<p><strong>Presen\u00e7a Ilustre e Entrega de Medalhas<\/strong><\/p>\n<p>O evento foi prestigiado pela presen\u00e7a do Comandante da For\u00e7a Aeronaval, Contra-Almirante Emerson Gaio Roberto, e dos titulares das Organiza\u00e7\u00f5es Militares do Complexo Aeronaval de S\u00e3o Pedro da Aldeia. Eles acompanharam de perto as competi\u00e7\u00f5es e participaram da cerim\u00f4nia de entrega de medalhas aos vencedores, destacando o apoio e o incentivo da Marinha do Brasil \u00e0s atividades n\u00e1uticas e ao esporte.<\/p>\n<p><strong>Fortalecendo La\u00e7os e Esp\u00edrito Esportivo<\/strong><\/p>\n<p>A XXXVI Regata do Dia do Marinheiro n\u00e3o apenas celebra uma data importante para a Marinha do Brasil, mas tamb\u00e9m fortalece o esp\u00edrito esportivo e os la\u00e7os comunit\u00e1rios. O evento ressalta a import\u00e2ncia das atividades n\u00e1uticas e da vela, promovendo a integra\u00e7\u00e3o entre militares e civis em um ambiente de competi\u00e7\u00e3o saud\u00e1vel e de celebra\u00e7\u00e3o da cultura naval.<\/p>\n<p>Fonte: Defesa em Foco<\/p>\n","protected":false},"excerpt":{"rendered":"<p>O Comando da For\u00e7a Aeronaval, em celebra\u00e7\u00e3o ao Dia do Marinheiro, promoveu a 36\u00aa edi\u00e7\u00e3o da tradicional Regata do Dia do Marinheiro. Este evento anual,&#8230;<\/p>\n","protected":false},"author":1527,"featured_media":48958,"comment_status":"closed","ping_status":"closed","sticky":false,"template":"","format":"standard","meta":{"footnotes":""},"categories":[6],"tags":[],"class_list":["post-48957","post","type-post","status-publish","format-standard","has-post-thumbnail","hentry","category-noticias"],"_links":{"self":[{"href":"https:\/\/www.sincomam.org.br\/index.php\/wp-json\/wp\/v2\/posts\/48957","targetHints":{"allow":["GET"]}}],"collection":[{"href":"https:\/\/www.sincomam.org.br\/index.php\/wp-json\/wp\/v2\/posts"}],"about":[{"href":"https:\/\/www.sincomam.org.br\/index.php\/wp-json\/wp\/v2\/types\/post"}],"author":[{"embeddable":true,"href":"https:\/\/www.sincomam.org.br\/index.php\/wp-json\/wp\/v2\/users\/1527"}],"replies":[{"embeddable":true,"href":"https:\/\/www.sincomam.org.br\/index.php\/wp-json\/wp\/v2\/comments?post=48957"}],"version-history":[{"count":1,"href":"https:\/\/www.sincomam.org.br\/index.php\/wp-json\/wp\/v2\/posts\/48957\/revisions"}],"predecessor-version":[{"id":48959,"href":"https:\/\/www.sincomam.org.br\/index.php\/wp-json\/wp\/v2\/posts\/48957\/revisions\/48959"}],"wp:featuredmedia":[{"embeddable":true,"href":"https:\/\/www.sincomam.org.br\/index.php\/wp-json\/wp\/v2\/media\/48958"}],"wp:attachment":[{"href":"https:\/\/www.sincomam.org.br\/index.php\/wp-json\/wp\/v2\/media?parent=48957"}],"wp:term":[{"taxonomy":"category","embeddable":true,"href":"https:\/\/www.sincomam.org.br\/index.php\/wp-json\/wp\/v2\/categories?post=48957"},{"taxonomy":"post_tag","embeddable":true,"href":"https:\/\/www.sincomam.org.br\/index.php\/wp-json\/wp\/v2\/tags?post=48957"}],"curies":[{"name":"wp","href":"https:\/\/api.w.org\/{rel}","templated":true}]}}