{"id":48954,"date":"2023-12-18T09:47:44","date_gmt":"2023-12-18T12:47:44","guid":{"rendered":"http:\/\/www.sincomam.org.br\/?p=48954"},"modified":"2023-12-18T09:47:44","modified_gmt":"2023-12-18T12:47:44","slug":"tem-inicio-o-desmanche-da-p-32-no-estaleiro-rio-grande","status":"publish","type":"post","link":"https:\/\/www.sincomam.org.br\/index.php\/tem-inicio-o-desmanche-da-p-32-no-estaleiro-rio-grande\/","title":{"rendered":"Tem in\u00edcio o desmanche da P-32 no estaleiro Rio Grande"},"content":{"rendered":"<p>As condi\u00e7\u00f5es meteorol\u00f3gicas favor\u00e1veis permitiram a realiza\u00e7\u00e3o da manobra de entrada da\u00a0plataforma P32 no dique seco do Estaleiro Rio Grande (ERG) na quinta-feira (14). A opera\u00e7\u00e3o, de grande complexididade, exigiu a restri\u00e7\u00e3o do tr\u00e1fego de embarca\u00e7\u00f5es no canal de acesso ao Porto do Rio Grande.<\/p>\n<p>A embarca\u00e7\u00e3o foi descomissionada pela Petrobras e arrematada em julho deste ano pela Gerdau, em conjunto com a Ecovix, para ser desmontada. Essa ser\u00e1 a primeira atividade deste tipo a ser realizada no munic\u00edpio e no pa\u00eds, devendo gerar cerca de 200 postos de trabalho.<\/p>\n<p>O estaleiro aposta em que o processo se tornar\u00e1 uma refer\u00eancia para os desmantelamentos de outras unidades da estatal, entre elas a P33, que tamb\u00e9m ser\u00e1 levada para Rio Grande para ter sua estrutura de a\u00e7o reciclada.<\/p>\n<p>O presidente da Portos RS, Cristiano Klinger, falou sobre a import\u00e2ncia desse momento para a ind\u00fastria naval ga\u00facha. &#8220;Se abre um novo mercado, pois \u00e9 o primeiro processo desse tipo acontecendo no pa\u00eds e dentro do nosso complexo, que trar\u00e1 desenvolvimento e oportunidades para a nossa comunidade&#8221;.<\/p>\n<p>Fonte: Portos e Navios<\/p>\n","protected":false},"excerpt":{"rendered":"<p>As condi\u00e7\u00f5es meteorol\u00f3gicas favor\u00e1veis permitiram a realiza\u00e7\u00e3o da manobra de entrada da\u00a0plataforma P32 no dique seco do Estaleiro Rio Grande (ERG) na quinta-feira (14). A&#8230;<\/p>\n","protected":false},"author":1527,"featured_media":48955,"comment_status":"closed","ping_status":"closed","sticky":false,"template":"","format":"standard","meta":{"footnotes":""},"categories":[6],"tags":[],"class_list":["post-48954","post","type-post","status-publish","format-standard","has-post-thumbnail","hentry","category-noticias"],"_links":{"self":[{"href":"https:\/\/www.sincomam.org.br\/index.php\/wp-json\/wp\/v2\/posts\/48954","targetHints":{"allow":["GET"]}}],"collection":[{"href":"https:\/\/www.sincomam.org.br\/index.php\/wp-json\/wp\/v2\/posts"}],"about":[{"href":"https:\/\/www.sincomam.org.br\/index.php\/wp-json\/wp\/v2\/types\/post"}],"author":[{"embeddable":true,"href":"https:\/\/www.sincomam.org.br\/index.php\/wp-json\/wp\/v2\/users\/1527"}],"replies":[{"embeddable":true,"href":"https:\/\/www.sincomam.org.br\/index.php\/wp-json\/wp\/v2\/comments?post=48954"}],"version-history":[{"count":1,"href":"https:\/\/www.sincomam.org.br\/index.php\/wp-json\/wp\/v2\/posts\/48954\/revisions"}],"predecessor-version":[{"id":48956,"href":"https:\/\/www.sincomam.org.br\/index.php\/wp-json\/wp\/v2\/posts\/48954\/revisions\/48956"}],"wp:featuredmedia":[{"embeddable":true,"href":"https:\/\/www.sincomam.org.br\/index.php\/wp-json\/wp\/v2\/media\/48955"}],"wp:attachment":[{"href":"https:\/\/www.sincomam.org.br\/index.php\/wp-json\/wp\/v2\/media?parent=48954"}],"wp:term":[{"taxonomy":"category","embeddable":true,"href":"https:\/\/www.sincomam.org.br\/index.php\/wp-json\/wp\/v2\/categories?post=48954"},{"taxonomy":"post_tag","embeddable":true,"href":"https:\/\/www.sincomam.org.br\/index.php\/wp-json\/wp\/v2\/tags?post=48954"}],"curies":[{"name":"wp","href":"https:\/\/api.w.org\/{rel}","templated":true}]}}