{"id":48948,"date":"2023-12-18T09:46:12","date_gmt":"2023-12-18T12:46:12","guid":{"rendered":"http:\/\/www.sincomam.org.br\/?p=48948"},"modified":"2023-12-18T09:46:12","modified_gmt":"2023-12-18T12:46:12","slug":"ataques-no-mar-vermelho-e-golfo-de-aden-podem-causar-transtornos-para-a-cadeia-de-abastecimento","status":"publish","type":"post","link":"https:\/\/www.sincomam.org.br\/index.php\/ataques-no-mar-vermelho-e-golfo-de-aden-podem-causar-transtornos-para-a-cadeia-de-abastecimento\/","title":{"rendered":"Ataques no Mar Vermelho e Golfo de Aden podem causar transtornos para a cadeia de abastecimento"},"content":{"rendered":"<p>Os navios que passam pelo Mar Vermelho e pelo Golfo de Aden t\u00eam sofrito ataques de m\u00edsseis e drones da mil\u00edcia Houthi nos \u00faltimos dias, o que pode desencadear uma crise global na cadeia de abastecimento, segundo analistas do setor.<\/p>\n<p>Na quinta-feira, um m\u00edssil foi disparado contra o navio \u2018Maersk Gibraltar\u2019 durante a rota de Salalah, em Om\u00e3, para Jeddah, na Ar\u00e1bia Saudita. O m\u00edssil n\u00e3o atingiu o navio.<\/p>\n<p>Uma s\u00e9rie de ataques v\u00eam sendo desferidos com m\u00edsseis e drones. Um navio de bandeira norueguesa no Estreito de Bab el-Mandeb, um navio porta-cont\u00eaineres que operava entre a \u00c1sia e o Mediterr\u00e2neo e um navio operado pela companhia mar\u00edtima Ardmore no Mar Vermelho est\u00e3o entre eles. Os ataques foram direcionados tamb\u00e9m a dois navios do armador MSC.<\/p>\n<p>A MSC, a Maersk e a Hapag Lloyd anunciaram a suspens\u00e3o de tr\u00e2nsito no Mar Vermelho at\u00e9 segunda ordem.<\/p>\n<p>Peter Sand, analista-chefe da Xeneta, plataforma de dados e intelig\u00eancia sobre transporte mar\u00edtimo de carga, acredita que a situa\u00e7\u00e3o pode ter consequ\u00eancias graves para as cadeias de abastecimento globais. \u201cTodos os navios que transitam pelo Canal de Suez devem navegar pelo Mar Vermelho e pelo Golfo de Aden e a mil\u00edcia Houthi deixou claro que qualquer navio \u00e9 um alvo&#8221;, analisou Sand. \u201cN\u00e3o acredito que o Canal de Suez v\u00e1 fechar, mas se houver novas escaladas n\u00e3o podemos descartar essa possibilidade.<\/p>\n<p>O Conselho Mundial de Navega\u00e7\u00e3o emitiu uma declara\u00e7\u00e3o pedindo a\u00e7\u00e3o. A Associa\u00e7\u00e3o dos Armadores da Comunidade Europeia e a Federa\u00e7\u00e3o Europeia dos Trabalhadores dos Transportes tamb\u00e9m emitiram uma declara\u00e7\u00e3o conjunta apelando a \u201ca\u00e7\u00f5es imediatas para resolver urgentemente esta situa\u00e7\u00e3o alarmante\u201d.<\/p>\n<p>Mais de 50 navios transitam diariamente pelo Canal de Suez, transportando bilh\u00f5es de d\u00f3lares em mercadorias para o Norte da Europa, Mediterr\u00e2neo e Costa Leste da Am\u00e9rica do Norte.<\/p>\n<p>A mil\u00edcia Houthi, no I\u00eamen, manifestou simpatia pelo Hamas e, segundo o governo dos EUA, recebe armamentos do Ir\u00e3. Os ataques com m\u00edsseis e drones a navios mercantes seriam uma resposta ao conflito em Gaza.<\/p>\n<p>A principal alternativa para os armadores \u00e9 contornar o Cabo da Boa Esperan\u00e7a, o que soma 10 dias de navega\u00e7\u00e3o para servi\u00e7os da \u00c1sia ao Norte da Europa e Mediterr\u00e2neo Oriental. A consequ\u00eancia imediata \u00e9 o aumento custo da movimenta\u00e7\u00e3o de carga por via mar\u00edtima. &#8220;Dependendo da escala e da dura\u00e7\u00e3o de qualquer interrup\u00e7\u00e3o no Canal de Suez, poderemos ver as taxas de frete mar\u00edtimo aumentarem em at\u00e9 100%\u201d, disse Sand.<\/p>\n<p>Fonte: Portos e Navios<\/p>\n","protected":false},"excerpt":{"rendered":"<p>Os navios que passam pelo Mar Vermelho e pelo Golfo de Aden t\u00eam sofrito ataques de m\u00edsseis e drones da mil\u00edcia Houthi nos \u00faltimos dias,&#8230;<\/p>\n","protected":false},"author":1527,"featured_media":48949,"comment_status":"closed","ping_status":"closed","sticky":false,"template":"","format":"standard","meta":{"footnotes":""},"categories":[6],"tags":[],"class_list":["post-48948","post","type-post","status-publish","format-standard","has-post-thumbnail","hentry","category-noticias"],"_links":{"self":[{"href":"https:\/\/www.sincomam.org.br\/index.php\/wp-json\/wp\/v2\/posts\/48948","targetHints":{"allow":["GET"]}}],"collection":[{"href":"https:\/\/www.sincomam.org.br\/index.php\/wp-json\/wp\/v2\/posts"}],"about":[{"href":"https:\/\/www.sincomam.org.br\/index.php\/wp-json\/wp\/v2\/types\/post"}],"author":[{"embeddable":true,"href":"https:\/\/www.sincomam.org.br\/index.php\/wp-json\/wp\/v2\/users\/1527"}],"replies":[{"embeddable":true,"href":"https:\/\/www.sincomam.org.br\/index.php\/wp-json\/wp\/v2\/comments?post=48948"}],"version-history":[{"count":1,"href":"https:\/\/www.sincomam.org.br\/index.php\/wp-json\/wp\/v2\/posts\/48948\/revisions"}],"predecessor-version":[{"id":48950,"href":"https:\/\/www.sincomam.org.br\/index.php\/wp-json\/wp\/v2\/posts\/48948\/revisions\/48950"}],"wp:featuredmedia":[{"embeddable":true,"href":"https:\/\/www.sincomam.org.br\/index.php\/wp-json\/wp\/v2\/media\/48949"}],"wp:attachment":[{"href":"https:\/\/www.sincomam.org.br\/index.php\/wp-json\/wp\/v2\/media?parent=48948"}],"wp:term":[{"taxonomy":"category","embeddable":true,"href":"https:\/\/www.sincomam.org.br\/index.php\/wp-json\/wp\/v2\/categories?post=48948"},{"taxonomy":"post_tag","embeddable":true,"href":"https:\/\/www.sincomam.org.br\/index.php\/wp-json\/wp\/v2\/tags?post=48948"}],"curies":[{"name":"wp","href":"https:\/\/api.w.org\/{rel}","templated":true}]}}