{"id":48944,"date":"2023-12-15T10:50:15","date_gmt":"2023-12-15T13:50:15","guid":{"rendered":"http:\/\/www.sincomam.org.br\/?p=48944"},"modified":"2023-12-15T10:50:15","modified_gmt":"2023-12-15T13:50:15","slug":"casos-de-covid-19-aumentam-em-estados-do-nordeste","status":"publish","type":"post","link":"https:\/\/www.sincomam.org.br\/index.php\/casos-de-covid-19-aumentam-em-estados-do-nordeste\/","title":{"rendered":"Casos de covid-19 aumentam em estados do Nordeste"},"content":{"rendered":"<p>Estados do Nordeste registraram aumento de casos de covid-19, entre os dias 3 e 9 deste m\u00eas, per\u00edodo referente \u00e0 Semana Epidemiol\u00f3gica (SE) 49, conforme indicam dados inseridos no Sistema de Informa\u00e7\u00e3o de Vigil\u00e2ncia Epidemiol\u00f3gica da Gripe (Sivep-Gripe) at\u00e9 o dia 11 de dezembro. A informa\u00e7\u00e3o foi divulgada nesta quinta-feira (14), no Boletim InfoGripe da Funda\u00e7\u00e3o Oswaldo Cruz (Fiocruz).<img decoding=\"async\" src=\"https:\/\/agenciabrasil.ebc.com.br\/ebc.png?id=1572492&amp;o=node\" \/><img decoding=\"async\" src=\"https:\/\/agenciabrasil.ebc.com.br\/ebc.gif?id=1572492&amp;o=node\" \/><\/p>\n<p>De acordo com o boletim, a Bahia, que foi o primeiro estado a anotar a eleva\u00e7\u00e3o dos registros recentes na regi\u00e3o, verifica um recuo nos casos, mas ainda mant\u00e9m crescimento nas novas ocorr\u00eancias. Embora tenha registrado crescimento depois de outros estados da regi\u00e3o, no Cear\u00e1, os casos aumentam semana a semana. Os estados do Maranh\u00e3o, da Para\u00edba e de Pernambuco est\u00e3o com sinal inicial de aumento recente nos casos, principalmente em pessoas de idade avan\u00e7ada.<\/p>\n<p>\u201cH\u00e1 sinal de aumento na Bahia, no Cear\u00e1, no Maranh\u00e3o, na Para\u00edba e em Pernambuco em rela\u00e7\u00e3o \u00e0 SRAG por covid-19. No Maranh\u00e3o, na Para\u00edba e em Pernambuco, o volume ainda \u00e9 relativamente baixo, e o ritmo de crescimento \u00e9 leve, indicando poss\u00edvel in\u00edcio de ciclo\u201d, informou a Fiocruz.<\/p>\n<p>Conforme a atualiza\u00e7\u00e3o de hoje, Acre, Bahia, Cear\u00e1, Esp\u00edrito Santo, Maranh\u00e3o, Mato Grosso, Para\u00edba, Piau\u00ed e Rond\u00f4nia apresentaram sinal de crescimento das s\u00edndromes respirat\u00f3rias agudas graves por covid-19 na tend\u00eancia de longo prazo. J\u00e1 em Minas Gerais, permaneceu o sinal de plat\u00f4, mas ainda sem ind\u00edcio claro de queda. \u201cNo Acre, no Esp\u00edrito Santo, em Mato Grosso, no Piau\u00ed e em Rond\u00f4nia, trata-se apenas de oscila\u00e7\u00e3o\u201d, completou a funda\u00e7\u00e3o.<\/p>\n<p>Em escalada diferente, no centro-sul, n\u00e3o h\u00e1 mudan\u00e7a no cen\u00e1rio anterior e continua o sinal\u00a0de queda em rela\u00e7\u00e3o \u00e0 covid-19. Em Minas Gerais, houve interrup\u00e7\u00e3o no crescimento e a fase de estabilidade no n\u00famero de casos continua. Esp\u00edrito Santo e Mato Grosso do Sul, que recentemente tinham registrado leve aumento, agora est\u00e3o classificados apenas como oscila\u00e7\u00e3o, disse o pesquisador do Programa de Computa\u00e7\u00e3o Cient\u00edfica (Procc\/Fiocruz) e coordenador do InfoGripe, Marcelo Gomes.<\/p>\n<h2>Capitais<\/h2>\n<p>Dez capitais apresentaram sinal de aumento: Aracaju; Campo Grande; Florian\u00f3polis; Fortaleza; Jo\u00e3o Pessoa; Macei\u00f3; Rio de Janeiro; Salvador; Teresina e Vit\u00f3ria.<\/p>\n<p>Segundo a Fiocruz, em Fortaleza, Jo\u00e3o Pessoa e Salvador, o cen\u00e1rio \u00e9 decorrente da covid-19, especialmente na popula\u00e7\u00e3o de idade avan\u00e7ada. Em Aracaju e Macei\u00f3, o sinal atual pode indicar poss\u00edvel in\u00edcio de ciclo, embora o volume de casos ainda seja relativamente baixo e o crescimento seja apenas incipiente.<\/p>\n<p>&#8220;No Rio de Janeiro, o crescimento recente se concentra em crian\u00e7as entre 2 e 14 anos de idade, o que n\u00e3o sugere associa\u00e7\u00e3o \u00e0 covid-19. Situa\u00e7\u00e3o similar se observa em Curitiba&#8221;, informou a Fiocruz, acrescentando que em Campo Grande, Florian\u00f3polis, Teresina e Vit\u00f3ria, \u201ca an\u00e1lise por faixa et\u00e1ria sugere tratar-se apenas de oscila\u00e7\u00e3o\u201d.<\/p>\n<h2>Mortalidade<\/h2>\n<p>O boletim InfoGripe mostrou tamb\u00e9m que, nas \u00faltimas oito semanas, a incid\u00eancia e mortalidade de SRAG manteve o padr\u00e3o t\u00edpico de maior impacto entre crian\u00e7as pequenas e pessoas idosas. \u201cA incid\u00eancia de SRAG por covid-19 mant\u00e9m o cen\u00e1rio de maior impacto nas crian\u00e7as de at\u00e9 2 anos e na popula\u00e7\u00e3o a partir de 65 anos de idade. Outros v\u00edrus respirat\u00f3rios com destaque para a incid\u00eancia de SRAG nas crian\u00e7as pequenas s\u00e3o o VSR, rinov\u00edrus e adenov\u00edrus. J\u00e1 a mortalidade da SRAG tem se mantido significativamente mais elevada nos idosos, com predom\u00ednio de covid-19\u201d, destacou.<\/p>\n<p>Diante do cen\u00e1rio atual, Marcelo Gomes refor\u00e7ou a import\u00e2ncia da vacina\u00e7\u00e3o, especialmente para esse grupo e com a orienta\u00e7\u00e3o para tomar a segunda dose da bivalente. \u201cContinuamos fazendo a convoca\u00e7\u00e3o para se manterem vacinados. Estamos com a recomenda\u00e7\u00e3o de uma nova dose para a popula\u00e7\u00e3o especialmente dos grupos de risco, ou seja, pessoas de idade avan\u00e7ada e imunocomprometidas. \u00c9 fundamental estar em dia com a vacina para manter nossa prote\u00e7\u00e3o a mais elevada poss\u00edvel por conta do cen\u00e1rio atual\u201d, afirmou.<\/p>\n<h2>Resultados positivos e \u00f3bitos<\/h2>\n<p>O Sars-CoV-2\/covid-19 (61,6%) teve a maior preval\u00eancia entre os casos de resultado positivo para v\u00edrus respirat\u00f3rios nas quatro \u00faltimas semanas epidemiol\u00f3gicas, seguido do v\u00edrus sincicial respirat\u00f3rio (13,3%), do influenza A (1,3%) e do influenza B (0,3%).<\/p>\n<p>Entre as mortes, a presen\u00e7a desses v\u00edrus entre os positivos foi de 95,5% no Sars-CoV-2\/covid-19, de 0,6% na influenza B e de 0% no da influenza A e no v\u00edrus sincicial respirat\u00f3rio.<\/p>\n<p>No ano epidemiol\u00f3gico de 2023, foram notificados 168.852 casos de SRAG. Entre eles, 66.692 (39,5%) com resultado laboratorial positivo para algum v\u00edrus respirat\u00f3rio, 85.973 (50,9%) negativos, e ao menos 7.571 (4,5%) aguardando resultado laboratorial.<\/p>\n<p>\u201cDados de positividade para semanas recentes est\u00e3o sujeitos a grandes altera\u00e7\u00f5es em atualiza\u00e7\u00f5es seguintes por conta do fluxo de notifica\u00e7\u00e3o de casos e inser\u00e7\u00e3o do resultado laboratorial associado. Dentre os casos positivos do ano corrente, 7,1% s\u00e3o influenza A; 3,7% influenza B; 33,1% v\u00edrus sincicial respirat\u00f3rio (VSR); e 34,6% Sars-CoV-2 (Covid-19)\u201d, relatou a Fiocruz.<\/p>\n<p>Nos casos de SRAG registrados neste ano, independentemente da presen\u00e7a de febre, foram anotados 10.744 \u00f3bitos, dos quais a maioria, 5.540 (51,6%), com resultado laboratorial positivo para algum v\u00edrus respirat\u00f3rio, tendo na sequ\u00eancia 4.465 (41,6%) negativos, e ao menos 196 (1,8%) aguardando resultado laboratorial.<\/p>\n<p>\u201cDentre os positivos do ano corrente, 8,9% s\u00e3o influenza A; 4,5% influenza B; 6,8% v\u00edrus sincicial respirat\u00f3rio (VSR); e 73,0% Sars-CoV-2 (covid-19). Nas quatro \u00faltimas semanas epidemiol\u00f3gicas, a preval\u00eancia entre os casos positivos foi de 0% influenza A; 0,6% influenza B; 0% v\u00edrus sincicial respirat\u00f3rio; e 95,5% Sars-CoV-2 (covid-19)\u201d, concluiu a Fiocruz.<\/p>\n<p>Fonte: Ag\u00eancia Brasil<\/p>\n","protected":false},"excerpt":{"rendered":"<p>Estados do Nordeste registraram aumento de casos de covid-19, entre os dias 3 e 9 deste m\u00eas, per\u00edodo referente \u00e0 Semana Epidemiol\u00f3gica (SE) 49, conforme&#8230;<\/p>\n","protected":false},"author":1527,"featured_media":48945,"comment_status":"closed","ping_status":"closed","sticky":false,"template":"","format":"standard","meta":{"footnotes":""},"categories":[6],"tags":[],"class_list":["post-48944","post","type-post","status-publish","format-standard","has-post-thumbnail","hentry","category-noticias"],"_links":{"self":[{"href":"https:\/\/www.sincomam.org.br\/index.php\/wp-json\/wp\/v2\/posts\/48944","targetHints":{"allow":["GET"]}}],"collection":[{"href":"https:\/\/www.sincomam.org.br\/index.php\/wp-json\/wp\/v2\/posts"}],"about":[{"href":"https:\/\/www.sincomam.org.br\/index.php\/wp-json\/wp\/v2\/types\/post"}],"author":[{"embeddable":true,"href":"https:\/\/www.sincomam.org.br\/index.php\/wp-json\/wp\/v2\/users\/1527"}],"replies":[{"embeddable":true,"href":"https:\/\/www.sincomam.org.br\/index.php\/wp-json\/wp\/v2\/comments?post=48944"}],"version-history":[{"count":1,"href":"https:\/\/www.sincomam.org.br\/index.php\/wp-json\/wp\/v2\/posts\/48944\/revisions"}],"predecessor-version":[{"id":48946,"href":"https:\/\/www.sincomam.org.br\/index.php\/wp-json\/wp\/v2\/posts\/48944\/revisions\/48946"}],"wp:featuredmedia":[{"embeddable":true,"href":"https:\/\/www.sincomam.org.br\/index.php\/wp-json\/wp\/v2\/media\/48945"}],"wp:attachment":[{"href":"https:\/\/www.sincomam.org.br\/index.php\/wp-json\/wp\/v2\/media?parent=48944"}],"wp:term":[{"taxonomy":"category","embeddable":true,"href":"https:\/\/www.sincomam.org.br\/index.php\/wp-json\/wp\/v2\/categories?post=48944"},{"taxonomy":"post_tag","embeddable":true,"href":"https:\/\/www.sincomam.org.br\/index.php\/wp-json\/wp\/v2\/tags?post=48944"}],"curies":[{"name":"wp","href":"https:\/\/api.w.org\/{rel}","templated":true}]}}