{"id":48923,"date":"2023-12-14T08:18:06","date_gmt":"2023-12-14T11:18:06","guid":{"rendered":"http:\/\/www.sincomam.org.br\/?p=48923"},"modified":"2023-12-14T08:18:06","modified_gmt":"2023-12-14T11:18:06","slug":"nova-onda-de-calor-que-vai-atingir-15-estados-e-o-df-comeca-nesta-quinta-veja-previsao-para-as-capitais","status":"publish","type":"post","link":"https:\/\/www.sincomam.org.br\/index.php\/nova-onda-de-calor-que-vai-atingir-15-estados-e-o-df-comeca-nesta-quinta-veja-previsao-para-as-capitais\/","title":{"rendered":"Nova onda de calor que vai atingir 15 estados e o DF come\u00e7a nesta quinta; veja previs\u00e3o para as capitais"},"content":{"rendered":"<div id=\"chunk-b2q0a\">\n<div class=\"mc-column content-text active-extra-styles \" data-block-type=\"unstyled\" data-block-weight=\"42\" data-block-id=\"2\">\n<p class=\" content-text__container \" data-track-category=\"Link no Texto\" data-track-links=\"\">A partir desta quinta-feira (14), uma nova onda de calor est\u00e1 prevista para atingir extensas \u00e1reas do pa\u00eds, embora os meteorologistas indiquem que desta vez, o fen\u00f4meno n\u00e3o ser\u00e1 t\u00e3o intenso quanto o registrado em novembro, que resultou em recordes de temperatura.<\/p>\n<\/div>\n<\/div>\n<div class=\"wall protected-content\">\n<div id=\"chunk-eim2g\">\n<div class=\"mc-column content-text active-extra-styles \" data-block-type=\"unstyled\" data-block-weight=\"26\" data-block-id=\"4\">\n<p class=\" content-text__container \" data-track-category=\"Link no Texto\" data-track-links=\"\"> O termo &#8220;onda de calor&#8221; \u00e9 caracterizado quando a temperatura permanece cinco graus acima da m\u00e9dia por um per\u00edodo entre tr\u00eas e cinco dias.<\/p>\n<\/div>\n<\/div>\n<div id=\"chunk-aig97\">\n<div class=\"mc-column content-text active-extra-styles \" data-block-type=\"unstyled\" data-block-weight=\"43\" data-block-id=\"5\">\n<p class=\" content-text__container \" data-track-category=\"Link no Texto\" data-track-links=\"\"> Por causa dessas temperaturas acima da m\u00e9dia para 15 estados e o Distrito Federal, o Instituto Nacional de Meteorologia (Inmet) emitiu um alerta de &#8220;perigo&#8221;,\u00a0<span class=\"highlight highlighted\">que tem in\u00edcio \u00e0s 12h00 desta quinta e \u00e9 v\u00e1lido at\u00e9 \u00e0s 19h do pr\u00f3ximo domingo (17).<\/span><\/p>\n<\/div>\n<\/div>\n<div id=\"chunk-5n2uf\">\n<div class=\"content-ads content-ads--reveal\" data-block-type=\"ads\" data-block-id=\"6\">\n<div id=\"banner_materia2\" class=\"tag-manager-publicidade-container mc-has-reveal mc-has-ad-lazyload tag-manager-publicidade-banner_materia2 tag-manager-publicidade-container--carregado tag-manager-publicidade-container--visivel\" data-id=\"banner_materia2\" data-google-query-id=\"CJXBjKzmjoMDFdm3lQIdC4AFDA\">\n<div id=\"chunk-7lma0\">\n<div class=\"mc-column content-text active-extra-styles \" data-block-type=\"unstyled\" data-block-weight=\"8\" data-block-id=\"7\">\n<p class=\" content-text__container \" data-track-category=\"Link no Texto\" data-track-links=\"\">Segundo o instituto, ser\u00e3o afetadas\u00a0<strong>\u00e1reas<\/strong>\u00a0do:<\/p>\n<\/div>\n<\/div>\n<div id=\"chunk-evljb\">\n<div class=\"mc-column content-text active-extra-styles\" data-block-type=\"raw\" data-block-weight=\"23\" data-block-id=\"8\">\n<ol class=\"content-ordered-list theme-ordered-list-color-primary\">\n<li>Tocantins,<\/li>\n<li>Rond\u00f4nia,<\/li>\n<li>Maranh\u00e3o,<\/li>\n<li>Piau\u00ed,<\/li>\n<li>Bahia,<\/li>\n<li>Esp\u00edrito Santo,<\/li>\n<li>Rio de Janeiro,<\/li>\n<li>S\u00e3o Paulo,<\/li>\n<li>Minas Gerais,<\/li>\n<li>Paran\u00e1,<\/li>\n<li>Santa Catarina,<\/li>\n<li>Rio Grande do Sul,<\/li>\n<li>Mato Grosso<\/li>\n<\/ol>\n<p>E os estados inteiros\u00a0de:<\/p>\n<\/div>\n<\/div>\n<div id=\"chunk-9b6hl\">\n<div class=\"mc-column content-text active-extra-styles\" data-block-type=\"raw\" data-block-weight=\"10\" data-block-id=\"10\">\n<ol class=\"content-ordered-list theme-ordered-list-color-primary\">\n<li>Mato Grosso do Sul<\/li>\n<li>E Goi\u00e1s,<\/li>\n<li>al\u00e9m do Distrito Federal.<\/li>\n<\/ol>\n<p>Para os pr\u00f3ximos dias, no centro das aten\u00e7\u00f5es, temos locais onde as temperaturas devem atingir entre <strong>40\u00b0C e 42\u00b0C,<\/strong>\u00a0incluindo o Mato Grosso do Sul, o sul e leste do Mato Grosso (com destaque para a capital Cuiab\u00e1), o sul de Goi\u00e1s, o noroeste de Minas Gerais e a regi\u00e3o oeste da Bahia, especialmente no Vale do S\u00e3o Francisco.<\/p>\n<\/div>\n<\/div>\n<div id=\"chunk-didal\">\n<div class=\"mc-column content-text active-extra-styles \" data-block-type=\"unstyled\" data-block-weight=\"62\" data-block-id=\"12\">\n<p class=\" content-text__container \" data-track-category=\"Link no Texto\" data-track-links=\"\">Na faixa de\u00a0<strong>38\u00b0C a 40\u00b0C,\u00a0<\/strong>podemos esperar calor intenso no interior do Piau\u00ed, no Maranh\u00e3o, no leste do Tocantins, no sul e leste de Santa Catarina e no interior de S\u00e3o Paulo. J\u00e1 em regi\u00f5es onde as temperaturas devem oscilar entre<strong>\u00a037\u00b0C e 39\u00b0C<\/strong>, destacam-se o norte e oeste do Paran\u00e1, o estado do Rio de Janeiro e o Esp\u00edrito Santo.<\/p>\n<p data-track-category=\"Link no Texto\" data-track-links=\"\">Em Cuiab\u00e1, por exemplo, a m\u00e1xima anterior tinha sido em outubro, quando a cidade chegou a 44,2\u00b0C. No interior de S\u00e3o Paulo, algumas cidades registraram m\u00e1ximas acima dos 41\u00b0C. Nos dois locais, as m\u00e1ximas devem ser menores.<\/p>\n<div id=\"chunk-f3s93\">\n<div class=\"mc-column content-text active-extra-styles\" data-block-type=\"raw\" data-block-weight=\"9\" data-block-id=\"19\">\n<div class=\"content-intertitle\">\n<h2>Por que a onda de calor ser\u00e1 menos intensa?<\/h2>\n<\/div>\n<p>A onda de calor acontece uma semana antes da chegada do ver\u00e3o. E, ao contr\u00e1rio do que se imaginaria, \u00e9 exatamente por isso que ela ser\u00e1 menos quente do que a que vimos em novembro.<\/p>\n<\/div>\n<\/div>\n<div id=\"chunk-a66k5\">\n<div class=\"mc-column content-text active-extra-styles\" data-block-type=\"raw\" data-block-weight=\"80\" data-block-id=\"21\">\n<p class=\"content-text__container\">\n<ul class=\"content-unordered-list\">\n<li> Em novembro, est\u00e1vamos no meio da primavera. Uma das caracter\u00edsticas \u00e9 que se trata de uma esta\u00e7\u00e3o seca, com pouca chuva e nuvens. Sem nuvens para impedir a passagem do calor e umidade para dissipar as m\u00e1ximas, as temperaturas ficaram muito altas em um fen\u00f4meno de onda de calor.<\/li>\n<li> Agora, nos aproximamos do ver\u00e3o. Com isso,\u00a0temos mais umidade e mais nuvens, o que faz com que o calor n\u00e3o seja t\u00e3o intenso como o que vimos antes.<\/li>\n<\/ul>\n<p><strong>Ent\u00e3o, a onda de calor n\u00e3o vai deixar o ver\u00e3o mais quente?<\/strong><\/p>\n<\/div>\n<\/div>\n<div id=\"chunk-3814l\">\n<div class=\"mc-column content-text active-extra-styles\" data-block-type=\"quote-plugin\" data-block-id=\"22\">\n<div class=\"show-block-quote\">\n<div id=\"chunk-3v8gp\">\n<div class=\"mc-column content-text active-extra-styles\" data-block-type=\"raw\" data-block-weight=\"12\" data-block-id=\"24\">\n<p>Os especialistas explicam que uma coisa n\u00e3o tem rela\u00e7\u00e3o com a outra, mas que o ver\u00e3o vai ser mais quente que o normal.<\/p>\n<\/div>\n<\/div>\n<div id=\"chunk-9cpc8\">\n<div class=\"mc-column content-text active-extra-styles \" data-block-type=\"unstyled\" data-block-weight=\"34\" data-block-id=\"26\">\n<p class=\" content-text__container \" data-track-category=\"Link no Texto\" data-track-links=\"\">A onda de calor acontece quando temos uma alta de at\u00e9 5\u00b0C na temperatura m\u00e9dia do per\u00edodo por v\u00e1rios dias.\u00a0<span class=\"highlight highlighted\">S\u00f3 que esse \u00e9 um fen\u00f4meno isolado, que n\u00e3o interfere na temperatura da esta\u00e7\u00e3o.<\/span><\/p>\n<\/div>\n<\/div>\n<div id=\"chunk-eul0l\">\n<div class=\"mc-column content-text active-extra-styles \" data-block-type=\"unstyled\" data-block-weight=\"35\" data-block-id=\"27\">\n<p class=\" content-text__container \" data-track-category=\"Link no Texto\" data-track-links=\"\">O que vamos ter esse ano \u00e9 uma influ\u00eancia do\u00a0El Ni\u00f1o\u00a0forte sobre o ver\u00e3o. Isso n\u00e3o acontece h\u00e1 tr\u00eas anos, quando passamos a esta\u00e7\u00e3o com La Ni\u00f1a, que suaviza as temperaturas extremas.<\/p>\n<p data-track-category=\"Link no Texto\" data-track-links=\"\">Fonte: G1<\/p>\n<\/div>\n<\/div>\n<\/div>\n<\/div>\n<\/div>\n<\/div>\n<\/div>\n<\/div>\n<\/div>\n<\/div>\n<\/div>\n","protected":false},"excerpt":{"rendered":"<p>A partir desta quinta-feira (14), uma nova onda de calor est\u00e1 prevista para atingir extensas \u00e1reas do pa\u00eds, embora os meteorologistas indiquem que desta vez,&#8230;<\/p>\n","protected":false},"author":1527,"featured_media":48924,"comment_status":"closed","ping_status":"closed","sticky":false,"template":"","format":"standard","meta":{"footnotes":""},"categories":[6],"tags":[],"class_list":["post-48923","post","type-post","status-publish","format-standard","has-post-thumbnail","hentry","category-noticias"],"_links":{"self":[{"href":"https:\/\/www.sincomam.org.br\/index.php\/wp-json\/wp\/v2\/posts\/48923","targetHints":{"allow":["GET"]}}],"collection":[{"href":"https:\/\/www.sincomam.org.br\/index.php\/wp-json\/wp\/v2\/posts"}],"about":[{"href":"https:\/\/www.sincomam.org.br\/index.php\/wp-json\/wp\/v2\/types\/post"}],"author":[{"embeddable":true,"href":"https:\/\/www.sincomam.org.br\/index.php\/wp-json\/wp\/v2\/users\/1527"}],"replies":[{"embeddable":true,"href":"https:\/\/www.sincomam.org.br\/index.php\/wp-json\/wp\/v2\/comments?post=48923"}],"version-history":[{"count":1,"href":"https:\/\/www.sincomam.org.br\/index.php\/wp-json\/wp\/v2\/posts\/48923\/revisions"}],"predecessor-version":[{"id":48925,"href":"https:\/\/www.sincomam.org.br\/index.php\/wp-json\/wp\/v2\/posts\/48923\/revisions\/48925"}],"wp:featuredmedia":[{"embeddable":true,"href":"https:\/\/www.sincomam.org.br\/index.php\/wp-json\/wp\/v2\/media\/48924"}],"wp:attachment":[{"href":"https:\/\/www.sincomam.org.br\/index.php\/wp-json\/wp\/v2\/media?parent=48923"}],"wp:term":[{"taxonomy":"category","embeddable":true,"href":"https:\/\/www.sincomam.org.br\/index.php\/wp-json\/wp\/v2\/categories?post=48923"},{"taxonomy":"post_tag","embeddable":true,"href":"https:\/\/www.sincomam.org.br\/index.php\/wp-json\/wp\/v2\/tags?post=48923"}],"curies":[{"name":"wp","href":"https:\/\/api.w.org\/{rel}","templated":true}]}}