{"id":48914,"date":"2023-12-14T08:02:31","date_gmt":"2023-12-14T11:02:31","guid":{"rendered":"http:\/\/www.sincomam.org.br\/?p=48914"},"modified":"2023-12-14T08:02:31","modified_gmt":"2023-12-14T11:02:31","slug":"entenda-a-polemica-e-o-que-diz-a-lei-sobre-direitos-de-utilizacao-da-imagem-do-pao-de-acucar","status":"publish","type":"post","link":"https:\/\/www.sincomam.org.br\/index.php\/entenda-a-polemica-e-o-que-diz-a-lei-sobre-direitos-de-utilizacao-da-imagem-do-pao-de-acucar\/","title":{"rendered":"Entenda a pol\u00eamica e o que diz a lei sobre direitos de utiliza\u00e7\u00e3o da imagem do P\u00e3o de A\u00e7\u00facar"},"content":{"rendered":"<div id=\"chunk-5rk7r\">\n<div class=\"mc-column content-text active-extra-styles \" data-block-type=\"unstyled\" data-block-weight=\"51\" data-block-id=\"2\">\n<p class=\" content-text__container \" data-track-category=\"Link no Texto\" data-track-links=\"\">A foto de um dos principais cart\u00f5es-postais do\u00a0Rio de Janeiro\u00a0gerou grande pol\u00eamica nas redes sociais. A postagem do Instituto de Tecnologia e Sociedade do Rio de Janeiro (ITS), com a imagem do P\u00e3o de A\u00e7\u00facar,\u00a0provocou uma notifica\u00e7\u00e3o extrajudicial\u00a0por parte dos administradores do Parque Bondinho P\u00e3o de A\u00e7\u00facar.<\/p>\n<\/div>\n<\/div>\n<div class=\"wall protected-content\">\n<div id=\"chunk-7pbuk\">\n<div class=\"mc-column content-text active-extra-styles \" data-block-type=\"unstyled\" data-block-weight=\"16\" data-block-id=\"4\">\n<p class=\" content-text__container \" data-track-category=\"Link no Texto\" data-track-links=\"\">O\u00a0<a class=\"\" href=\"https:\/\/g1.globo.com\/rj\/rio-de-janeiro\/\">g1<\/a>\u00a0conversou com especialistas em Direito Autoral para tirar todas as d\u00favidas sobre o tema.<\/p>\n<\/div>\n<\/div>\n<div id=\"chunk-a622b\">\n<div class=\"mc-column content-text active-extra-styles \" data-block-type=\"unstyled\" data-block-weight=\"48\" data-block-id=\"5\">\n<p class=\" content-text__container \" data-track-category=\"Link no Texto\" data-track-links=\"\">Na a\u00e7\u00e3o contra o ITS, a Companhia Caminho A\u00e9reo P\u00e3o De A\u00e7\u00facar\u00a0pedia a remo\u00e7\u00e3o da foto\u00a0com a justificativa de que eles estariam obtendo\u00a0\u201cvantagem comercial indevida\u201d, com o\u00a0\u201caproveitamento parasit\u00e1rio e enriquecimento sem causa\u201d, al\u00e9m de praticar ato de\u00a0\u201cconcorr\u00eancia desleal\u201d\u00a0e atividade publicit\u00e1ria de\u00a0\u201cemboscada\u201d.<\/p>\n<p data-track-category=\"Link no Texto\" data-track-links=\"\">Com direito a cr\u00edtica do prefeito Eduardo Paes (PSD), o debate virtual tratou sobre a\u00a0necessidade de autoriza\u00e7\u00e3o\u00a0para a publica\u00e7\u00e3o de uma das imagens mais ic\u00f4nicas do Rio e do Brasil.<\/p>\n<div id=\"chunk-2np7s\">\n<div class=\"mc-column content-text active-extra-styles \" data-block-type=\"unstyled\" data-block-weight=\"54\" data-block-id=\"9\">\n<p class=\" content-text__container \" data-track-category=\"Link no Texto\" data-track-links=\"\">Um dia ap\u00f3s a repercuss\u00e3o negativa do caso, os administradores do Parque Bondinho P\u00e3o de A\u00e7\u00facar divulgaram um comunicado\u00a0admitindo que &#8220;em nenhum momento restringe a utiliza\u00e7\u00e3o da imagem do monumento dos Morros do P\u00e3o de A\u00e7\u00facar e da Urca, muito menos da paisagem do Rio de Janeiro&#8221;. A concession\u00e1ria tamb\u00e9m falou em &#8216;mal-entendido&#8217;.<\/p>\n<\/div>\n<\/div>\n<div id=\"chunk-3vgrv\">\n<div class=\"mc-column content-text active-extra-styles\" data-block-type=\"raw\" data-block-weight=\"6\" data-block-id=\"10\">\n<p class=\"content-text__container\"><strong>&#8216;Notifica\u00e7\u00e3o n\u00e3o ir\u00e1 prosperar&#8217;, diz especialista<\/strong><\/p>\n<p>Em contato com o <a class=\"\" href=\"https:\/\/g1.globo.com\/rj\/rio-de-janeiro\/\">g1<\/a>, a advogada Yasmin Arrighi, especialista em Direito Autoral, explicou que pessoas comuns, turistas e cariocas,\u00a0<span class=\"highlight highlighted\">n\u00e3o devem se preocupar com autoriza\u00e7\u00f5es para postarem fotos do P\u00e3o de A\u00e7\u00facar.<\/span><\/p>\n<\/div>\n<\/div>\n<div id=\"chunk-en0cu\">\n<div class=\"mc-column content-text active-extra-styles \" data-block-type=\"unstyled\" data-block-weight=\"44\" data-block-id=\"12\">\n<p class=\" content-text__container \" data-track-category=\"Link no Texto\" data-track-links=\"\">Segundo ela, o P\u00e3o de A\u00e7\u00facar \u00e9 um s\u00edmbolo reconhecido internacionalmente e um dos maiores \u00edcones da cidade. Al\u00e9m disso, Yasmin lembrou que, desde 2012 o cart\u00e3o-postal integra a lista de\u00a0Patrimonio Cultural Universal da Unesco, demonstrando ainda mais o seu prest\u00edgio e reconhecimento.<\/p>\n<\/div>\n<\/div>\n<div id=\"chunk-6nsn2\">\n<div class=\"mc-column content-text active-extra-styles \" data-block-type=\"unstyled\" data-block-weight=\"47\" data-block-id=\"13\">\n<p class=\" content-text__container \" data-track-category=\"Link no Texto\" data-track-links=\"\">&#8220;Desta forma, os usu\u00e1rios que postarem fotos ou v\u00eddeos do Bondinho, por n\u00e3o terem o intuito comercial e lucrativo, n\u00e3o estar\u00e3o obtendo vantagens &#8216;\u00e0s custas do P\u00e3o de A\u00e7\u00facar&#8217;. Desta forma, n\u00e3o ter\u00e1 viola\u00e7\u00e3o da imagem e n\u00e3o ter\u00e3o suas imagens e v\u00eddeos removidos&#8221;, garantiu a advogada.<\/p>\n<div id=\"chunk-925n4\">\n<div class=\"mc-column content-text active-extra-styles \" data-block-type=\"unstyled\" data-block-weight=\"44\" data-block-id=\"16\">\n<p class=\" content-text__container \" data-track-category=\"Link no Texto\" data-track-links=\"\">Outra quest\u00e3o importante \u00e9 sobre a utiliza\u00e7\u00e3o comercial das imagens do P\u00e3o de A\u00e7\u00facar. Dessa vez, Yasmin explicou que existem dois casos:\u00a0a monetiza\u00e7\u00e3o de v\u00eddeos do P\u00e3o de A\u00e7\u00facar por pessoas comuns; e a\u00a0venda de itens personalizados com a imagem do bondinho.<\/p>\n<\/div>\n<\/div>\n<div id=\"chunk-9p27h\">\n<div id=\"chunk-9hpto\">\n<div class=\"mc-column content-text active-extra-styles \" data-block-type=\"unstyled\" data-block-weight=\"43\" data-block-id=\"18\">\n<p class=\" content-text__container \" data-track-category=\"Link no Texto\" data-track-links=\"\">&#8220;Em contrapartida, se uma foto for estampada em uma camiseta, ou monetizada em um grande canal para obter views ou aumentar as vendas, isso \u00e9 considerado uma explora\u00e7\u00e3o comercial com fins de obten\u00e7\u00e3o de lucro, e nesses casos dever\u00e1 solicitar a autoriza\u00e7\u00e3o&#8221;, completou.<\/p>\n<p class=\" content-text__container \" data-track-category=\"Link no Texto\" data-track-links=\"\"><strong>\u00cdcone da cidade<\/strong><\/p>\n<\/div>\n<\/div>\n<div id=\"chunk-ept92\">\n<div class=\"content-ads content-ads--reveal\" data-block-type=\"ads\" data-block-id=\"19\">\n<div id=\"banner_materia__6de74b98-0fea-44fe-81b6-c2b3c81cb56a\" class=\"tag-manager-publicidade-container mc-has-reveal mc-has-ad-lazyload tag-manager-publicidade-banner_materia__6de74b98-0fea-44fe-81b6-c2b3c81cb56a tag-manager-publicidade-container--carregado tag-manager-publicidade-container--visivel\" data-id=\"banner_materia__6de74b98-0fea-44fe-81b6-c2b3c81cb56a\" data-google-query-id=\"CNuSzvDijoMDFaSHlQIdrF4D1A\">\n<div id=\"chunk-38b90\">\n<div class=\"mc-column content-text active-extra-styles\" data-block-type=\"raw\" data-block-weight=\"3\" data-block-id=\"20\">\n<p>A advogada entrevistada pelo <a class=\"\" href=\"https:\/\/g1.globo.com\/rj\/rio-de-janeiro\/\">g1<\/a>\u00a0lembrou de uma decis\u00e3o recente do Tribunal de Justi\u00e7a do Rio de Janeiro (TJRJ), que decidiu sobre a utiliza\u00e7\u00e3o da imagem do Cristo Redentor.<\/p>\n<\/div>\n<\/div>\n<div id=\"chunk-25uk5\">\n<div class=\"mc-column content-text active-extra-styles \" data-block-type=\"unstyled\" data-block-weight=\"40\" data-block-id=\"22\">\n<p class=\" content-text__container \" data-track-category=\"Link no Texto\" data-track-links=\"\">Nesse caso, a Justi\u00e7a definiu que\u00a0n\u00e3o h\u00e1 necessidade de solicitar permiss\u00e3o ao respons\u00e1vel pela administra\u00e7\u00e3o do monumento, j\u00e1 que por exemplo, o Cristo Redentor \u00e9 um \u00edcone significativo da cidade, fazendo parte de seu patrim\u00f4nio cultural, hist\u00f3rico e paisag\u00edstico.<\/p>\n<div id=\"chunk-9ffo0\">\n<div class=\"mc-column content-text active-extra-styles \" data-block-type=\"unstyled\" data-block-weight=\"32\" data-block-id=\"24\">\n<p class=\" content-text__container \" data-track-category=\"Link no Texto\" data-track-links=\"\">Yasmin tamb\u00e9m ressaltou que o bondinho \u00e9 uma instala\u00e7\u00e3o voltada para o transporte de passageiros entre os morros da Urca e do P\u00e3o de A\u00e7\u00facar, portanto,\u00a0<span class=\"highlight highlighted\">n\u00e3o est\u00e1 sujeita \u00e0 prote\u00e7\u00e3o autoral<\/span>.<\/p>\n<\/div>\n<\/div>\n<div id=\"chunk-57p16\">\n<div class=\"mc-column content-text active-extra-styles \" data-block-type=\"unstyled\" data-block-weight=\"31\" data-block-id=\"25\">\n<p class=\" content-text__container \" data-track-category=\"Link no Texto\" data-track-links=\"\">Segundo a especialista, mesmo que o bondinho estivesse sujeito \u00e0 prote\u00e7\u00e3o autoral, ele seria enquadrado pela exce\u00e7\u00e3o prevista no artigo 48 da Lei 9.610\/98, legisla\u00e7\u00e3o que trata sobre o tema.<\/p>\n<\/div>\n<\/div>\n<div id=\"chunk-3tu2f\">\n<div class=\"mc-column content-text active-extra-styles \" data-block-type=\"unstyled\" data-block-weight=\"31\" data-block-id=\"26\">\n<p class=\" content-text__container \" data-track-category=\"Link no Texto\" data-track-links=\"\">&#8220;Este artigo estabelece que obras localizadas permanentemente em espa\u00e7os p\u00fablicos podem ser livremente retratadas atrav\u00e9s de pinturas, desenhos, fotografias e m\u00e9todos audiovisuais, desde que n\u00e3o tenham cunho comercial&#8221;, esclareceu a advogada.<\/p>\n<p class=\" content-text__container \" data-track-category=\"Link no Texto\" data-track-links=\"\"><strong>Prefeitura n\u00e3o quer restri\u00e7\u00f5es<\/strong><\/p>\n<div id=\"chunk-aokk7\">\n<div class=\"mc-column content-text active-extra-styles\" data-block-type=\"raw\" data-block-weight=\"4\" data-block-id=\"28\">\n<p>Diante de toda polemica, a Prefeitura do Rio decidiu acionar a Procuradoria Geral do munic\u00edpio do Rio de Janeiro, com o objetivo de notificar a Companhia Caminho A\u00e9reo P\u00e3o De A\u00e7\u00facar.<\/p>\n<\/div>\n<\/div>\n<div id=\"chunk-5f3eu\">\n<div class=\"mc-column content-text active-extra-styles \" data-block-type=\"unstyled\" data-block-weight=\"46\" data-block-id=\"30\">\n<p class=\" content-text__container \" data-track-category=\"Link no Texto\" data-track-links=\"\">Na a\u00e7\u00e3o, o munic\u00edpio pede que a concession\u00e1ria pare de &#8220;impor restri\u00e7\u00f5es indevidas e ilegais \u00e0 utiliza\u00e7\u00e3o, no presente e no futuro, dos elementos geogr\u00e1ficos que comp\u00f5em o cen\u00e1rio do P\u00e3o de A\u00e7\u00facar, ainda que nelas esteja representado seu centen\u00e1rio bondinho, por qualquer pessoa ou entidade.<\/p>\n<\/div>\n<\/div>\n<div id=\"chunk-75gv9\">\n<div class=\"mc-column content-text active-extra-styles \" data-block-type=\"unstyled\" data-block-weight=\"31\" data-block-id=\"31\">\n<p class=\" content-text__container \" data-track-category=\"Link no Texto\" data-track-links=\"\">De acordo com a notifica\u00e7\u00e3o, &#8220;o n\u00e3o atendimento obrigar\u00e1 os representantes da cidade a adotar medidas mais efetivas, inclusive judiciais, para garantir a divulga\u00e7\u00e3o dos atributos paisag\u00edsticos de nossos ic\u00f4nicos monumentos&#8221;.<\/p>\n<\/div>\n<\/div>\n<div id=\"chunk-2dm4a\">\n<div class=\"mc-column content-text active-extra-styles\" data-block-type=\"raw\" data-block-weight=\"3\" data-block-id=\"32\">\n<p class=\"content-text__container\"><strong>Prefeito critica notifica\u00e7\u00e3o<\/strong><\/p>\n<p>O prefeito Eduardo Paes (PSD) classificou como &#8220;absurda&#8221; a notifica\u00e7\u00e3o do Parque Bondinho P\u00e3o de A\u00e7\u00facar contra a postagem do ITS. Paes escreveu em suas redes sociais que iria buscar informa\u00e7\u00f5es sobre o caso e amea\u00e7ou cobrar &#8220;royalties da empresa&#8221;.<\/p>\n<\/div>\n<\/div>\n<div id=\"chunk-b73gp\">\n<div class=\"mc-column content-text active-extra-styles \" data-block-type=\"unstyled\" data-block-weight=\"41\" data-block-id=\"33\">\n<div class=\"&quot;GoogleActiveViewInnerContainer&quot;style=&quot;left:0px;top:0px;width:100%;height:100%;position:fixed;pointer-events:none;z-index:-9999;&quot;\"><strong>O que diz a concession\u00e1ria<\/strong><\/div>\n<div id=\"&quot;abgc&quot;\" class=\"&quot;abgc&quot;\" dir=\"&quot;ltr&quot;\">\n<div id=\"&quot;abgb&quot;\" class=\"&quot;abgb&quot;\">\n<div class=\"&quot;il-wrap&quot;\">\n<div class=\"&quot;il-icon&quot;\">\n<div id=\"chunk-5cs27\">\n<div class=\"mc-column content-text active-extra-styles\" data-block-type=\"raw\" data-block-weight=\"5\" data-block-id=\"44\">\n<p>Em nota, a Companhia Caminho A\u00e9reo P\u00e3o De A\u00e7\u00facar informou que em nenhum momento restringe a utiliza\u00e7\u00e3o da imagem do monumento dos Morros do P\u00e3o de A\u00e7\u00facar e da Urca, muito menos da paisagem do Rio de Janeiro.<\/p>\n<\/div>\n<\/div>\n<div id=\"chunk-6vuu9\">\n<div class=\"mc-column content-text active-extra-styles \" data-block-type=\"unstyled\" data-block-weight=\"27\" data-block-id=\"46\">\n<p class=\" content-text__container \" data-track-category=\"Link no Texto\" data-track-links=\"\">Segundo eles, a notifica\u00e7\u00e3o tinha como objetivo &#8220;preservar a imagem da companhia, al\u00e9m do uso n\u00e3o autorizado das suas propriedades intelectuais, devidamente registradas junto aos \u00f3rg\u00e3os competentes&#8221;.<\/p>\n<p data-track-category=\"Link no Texto\" data-track-links=\"\">Fonte: G1<\/p>\n<\/div>\n<\/div>\n<\/div>\n<\/div>\n<\/div>\n<\/div>\n<\/div>\n<\/div>\n<\/div>\n<\/div>\n<\/div>\n<\/div>\n<\/div>\n<\/div>\n<\/div>\n<\/div>\n<\/div>\n<\/div>\n<\/div>\n<\/div>\n<div id=\"chunk-a88mk\">\n<div class=\"content-ads content-ads--reveal\" data-block-type=\"ads\" data-block-id=\"6\">\n<div id=\"banner_materia2\" class=\"tag-manager-publicidade-container mc-has-reveal mc-has-ad-lazyload tag-manager-publicidade-banner_materia2 tag-manager-publicidade-container--carregado tag-manager-publicidade-container--visivel\" data-id=\"banner_materia2\" data-google-query-id=\"CNyMp9_ijoMDFYCIlQIdnFMMEA\"><\/div>\n<\/div>\n<\/div>\n<\/div>\n","protected":false},"excerpt":{"rendered":"<p>A foto de um dos principais cart\u00f5es-postais do\u00a0Rio de Janeiro\u00a0gerou grande pol\u00eamica nas redes sociais. A postagem do Instituto de Tecnologia e Sociedade do Rio&#8230;<\/p>\n","protected":false},"author":1527,"featured_media":48915,"comment_status":"closed","ping_status":"closed","sticky":false,"template":"","format":"standard","meta":{"footnotes":""},"categories":[6],"tags":[],"class_list":["post-48914","post","type-post","status-publish","format-standard","has-post-thumbnail","hentry","category-noticias"],"_links":{"self":[{"href":"https:\/\/www.sincomam.org.br\/index.php\/wp-json\/wp\/v2\/posts\/48914","targetHints":{"allow":["GET"]}}],"collection":[{"href":"https:\/\/www.sincomam.org.br\/index.php\/wp-json\/wp\/v2\/posts"}],"about":[{"href":"https:\/\/www.sincomam.org.br\/index.php\/wp-json\/wp\/v2\/types\/post"}],"author":[{"embeddable":true,"href":"https:\/\/www.sincomam.org.br\/index.php\/wp-json\/wp\/v2\/users\/1527"}],"replies":[{"embeddable":true,"href":"https:\/\/www.sincomam.org.br\/index.php\/wp-json\/wp\/v2\/comments?post=48914"}],"version-history":[{"count":1,"href":"https:\/\/www.sincomam.org.br\/index.php\/wp-json\/wp\/v2\/posts\/48914\/revisions"}],"predecessor-version":[{"id":48916,"href":"https:\/\/www.sincomam.org.br\/index.php\/wp-json\/wp\/v2\/posts\/48914\/revisions\/48916"}],"wp:featuredmedia":[{"embeddable":true,"href":"https:\/\/www.sincomam.org.br\/index.php\/wp-json\/wp\/v2\/media\/48915"}],"wp:attachment":[{"href":"https:\/\/www.sincomam.org.br\/index.php\/wp-json\/wp\/v2\/media?parent=48914"}],"wp:term":[{"taxonomy":"category","embeddable":true,"href":"https:\/\/www.sincomam.org.br\/index.php\/wp-json\/wp\/v2\/categories?post=48914"},{"taxonomy":"post_tag","embeddable":true,"href":"https:\/\/www.sincomam.org.br\/index.php\/wp-json\/wp\/v2\/tags?post=48914"}],"curies":[{"name":"wp","href":"https:\/\/api.w.org\/{rel}","templated":true}]}}