{"id":48905,"date":"2023-12-14T07:52:29","date_gmt":"2023-12-14T10:52:29","guid":{"rendered":"http:\/\/www.sincomam.org.br\/?p=48905"},"modified":"2023-12-14T07:52:29","modified_gmt":"2023-12-14T10:52:29","slug":"portos-do-parana-realiza-operacao-inedita-com-navio-ro-ro","status":"publish","type":"post","link":"https:\/\/www.sincomam.org.br\/index.php\/portos-do-parana-realiza-operacao-inedita-com-navio-ro-ro\/","title":{"rendered":"Portos do Paran\u00e1 realiza opera\u00e7\u00e3o in\u00e9dita com navio ro-ro"},"content":{"rendered":"<p>Em atraca\u00e7\u00e3o in\u00e9dita, 272 cargas rolantes foram movimentadas no navio &#8220;Bosporus Highway&#8221; no ber\u00e7o 219 do Porto de Paranagu\u00e1 nesta ter\u00e7a-feira (12).<\/p>\n<p>O novo ber\u00e7o foi constru\u00eddo para a chegada de navios ro-ro, especializados em cargas rolantes, e permitiu que o navio atracasse de forma perpendicular em compara\u00e7\u00e3o aos outros. A opera\u00e7\u00e3o foi realizada em conjunto entre a Portos do Paran\u00e1, praticagem e Capitania dos Portos.<\/p>\n<p>A nova \u00e1rea \u00e9 resultado de um projeto a longo prazo, iniciado em 2016, de amplia\u00e7\u00e3o da empresa que administra o Terminal de Cont\u00eaineres de Paranagu\u00e1 (TCP). \u201cPara a expans\u00e3o do terminal havia a necessidade de um ber\u00e7o exclusivo para a opera\u00e7\u00e3o de cargas gerais e cargas rolantes. Com aprova\u00e7\u00e3o do licenciamento ambiental, foi constru\u00edda a estrutura, realizadas obras de dragagem pela Portos do Paran\u00e1 e simula\u00e7\u00e3o de manobras&#8221;, disse Gabriel Vieira, diretor de Opera\u00e7\u00f5es da Portos do Paran\u00e1.<\/p>\n<p>A opera\u00e7\u00e3o envolveu 164 ve\u00edculos e 108 m\u00e1quinas. At\u00e9 o momento, o Porto de Paranagu\u00e1 j\u00e1 movimentou 84.128 ve\u00edculos em 2023, dos quais 30.573 para importa\u00e7\u00e3o e 53.555 para exporta\u00e7\u00e3o.<\/p>\n<p>A utiliza\u00e7\u00e3o do novo ber\u00e7o exclusivo para cargas rolantes pode beneficiar tamb\u00e9m o arrendamento PAR12, arrematado pela Ascensus Group em 2021, o qual possui um p\u00e1tio para armazenagem est\u00e1tica de quatro mil ve\u00edculos.<\/p>\n<div class=\"addtoany_container\">Fonte: Portos e Navios<\/div>\n","protected":false},"excerpt":{"rendered":"<p>Em atraca\u00e7\u00e3o in\u00e9dita, 272 cargas rolantes foram movimentadas no navio &#8220;Bosporus Highway&#8221; no ber\u00e7o 219 do Porto de Paranagu\u00e1 nesta ter\u00e7a-feira (12). O novo ber\u00e7o&#8230;<\/p>\n","protected":false},"author":1527,"featured_media":48906,"comment_status":"closed","ping_status":"closed","sticky":false,"template":"","format":"standard","meta":{"footnotes":""},"categories":[6],"tags":[],"class_list":["post-48905","post","type-post","status-publish","format-standard","has-post-thumbnail","hentry","category-noticias"],"_links":{"self":[{"href":"https:\/\/www.sincomam.org.br\/index.php\/wp-json\/wp\/v2\/posts\/48905","targetHints":{"allow":["GET"]}}],"collection":[{"href":"https:\/\/www.sincomam.org.br\/index.php\/wp-json\/wp\/v2\/posts"}],"about":[{"href":"https:\/\/www.sincomam.org.br\/index.php\/wp-json\/wp\/v2\/types\/post"}],"author":[{"embeddable":true,"href":"https:\/\/www.sincomam.org.br\/index.php\/wp-json\/wp\/v2\/users\/1527"}],"replies":[{"embeddable":true,"href":"https:\/\/www.sincomam.org.br\/index.php\/wp-json\/wp\/v2\/comments?post=48905"}],"version-history":[{"count":1,"href":"https:\/\/www.sincomam.org.br\/index.php\/wp-json\/wp\/v2\/posts\/48905\/revisions"}],"predecessor-version":[{"id":48907,"href":"https:\/\/www.sincomam.org.br\/index.php\/wp-json\/wp\/v2\/posts\/48905\/revisions\/48907"}],"wp:featuredmedia":[{"embeddable":true,"href":"https:\/\/www.sincomam.org.br\/index.php\/wp-json\/wp\/v2\/media\/48906"}],"wp:attachment":[{"href":"https:\/\/www.sincomam.org.br\/index.php\/wp-json\/wp\/v2\/media?parent=48905"}],"wp:term":[{"taxonomy":"category","embeddable":true,"href":"https:\/\/www.sincomam.org.br\/index.php\/wp-json\/wp\/v2\/categories?post=48905"},{"taxonomy":"post_tag","embeddable":true,"href":"https:\/\/www.sincomam.org.br\/index.php\/wp-json\/wp\/v2\/tags?post=48905"}],"curies":[{"name":"wp","href":"https:\/\/api.w.org\/{rel}","templated":true}]}}