{"id":48899,"date":"2023-12-13T08:37:43","date_gmt":"2023-12-13T11:37:43","guid":{"rendered":"http:\/\/www.sincomam.org.br\/?p=48899"},"modified":"2023-12-13T08:37:43","modified_gmt":"2023-12-13T11:37:43","slug":"supremo-retoma-nesta-quarta-julgamento-sobre-licenca-paternidade","status":"publish","type":"post","link":"https:\/\/www.sincomam.org.br\/index.php\/supremo-retoma-nesta-quarta-julgamento-sobre-licenca-paternidade\/","title":{"rendered":"Supremo retoma nesta quarta julgamento sobre licen\u00e7a-paternidade"},"content":{"rendered":"<p>O Supremo Tribunal Federal (STF) retoma nesta quarta-feira (13) o julgamento que pode determinar ao Congresso a aprova\u00e7\u00e3o de uma lei para garantir a regulamenta\u00e7\u00e3o da licen\u00e7a-paternidade no pa\u00eds.<img decoding=\"async\" src=\"https:\/\/agenciabrasil.ebc.com.br\/ebc.png?id=1571848&amp;o=node\" \/><img decoding=\"async\" src=\"https:\/\/agenciabrasil.ebc.com.br\/ebc.gif?id=1571848&amp;o=node\" \/><\/p>\n<p>A Corte julga uma a\u00e7\u00e3o protocolada em 2012 pela Confedera\u00e7\u00e3o Nacional dos Trabalhadores na Sa\u00fade (CNTS). A entidade defende que o Supremo declare a omiss\u00e3o do Congresso na regulamenta\u00e7\u00e3o do benef\u00edcio.<\/p>\n<p>Atualmente, a licen\u00e7a-paternidade \u00e9 de cinco dias consecutivos nos casos do nascimento de filho, ado\u00e7\u00e3o ou de guarda compartilhada. O direito est\u00e1 previsto na Consolida\u00e7\u00e3o das Leis do\u00a0Trabalho\u00a0(CLT) e foi criado com a promulga\u00e7\u00e3o da Constitui\u00e7\u00e3o de 1988.<\/p>\n<p>No caso de empregados de empresas que aderiram ao Programa Empresa Cidad\u00e3, a licen\u00e7a chega a 20 dias, sendo cinco pela CLT e mais 15 dias pelas regras do programa.<\/p>\n<p>Pelo Ato das Disposi\u00e7\u00f5es Constitucionais Transit\u00f3rias (ADCT), regras transit\u00f3rias criadas ap\u00f3s a promulga\u00e7\u00e3o, a licen\u00e7a de cinco dias deveria permanecer at\u00e9 o Congresso aprovar uma lei complementar para implementa\u00e7\u00e3o definitiva, vota\u00e7\u00e3o que nunca ocorreu.<\/p>\n<p>Em setembro deste ano, o Supremo\u00a0formou maioria de 7 votos a 1\u00a0para determinar prazo de 18 meses para o Congresso regulamentar as regras da licen\u00e7a-paternidade.<\/p>\n<p>Caso a norma seja aprovada, a licen\u00e7a-paternidade dever\u00e1 seguir as regras da licen\u00e7a-maternidade, que tem dura\u00e7\u00e3o de 120 dias, conforme a CLT, e \u00e9 paga pelo empregador.<\/p>\n<p>Apesar da maioria de votos, o julgamento, que foi realizado na modalidade virtual, foi suspenso por um pedido de destaque feito pelo ministro Lu\u00eds Roberto Barroso,\u00a0e a vota\u00e7\u00e3o ser\u00e1 retomada presencialmente nesta quarta-feira (13).<\/p>\n<h2>Licen\u00e7a-paternidade no mundo<\/h2>\n<p>De acordo com a Organiza\u00e7\u00e3o Internacional do Trabalho (OIT), a licen\u00e7a-paternidade existe em 115 pa\u00edses e \u00e9\u00a0remunerada em 102. O custeio \u00e9 feito com recursos do empregador, benef\u00edcios de prote\u00e7\u00e3o social dos governos ou dividido entre as duas fontes. \u00a0A dura\u00e7\u00e3o m\u00e9dia da licen\u00e7a \u00e9 de 3,3 dias.<\/p>\n<p>Fonte: Ag\u00eancia Brasil<\/p>\n","protected":false},"excerpt":{"rendered":"<p>O Supremo Tribunal Federal (STF) retoma nesta quarta-feira (13) o julgamento que pode determinar ao Congresso a aprova\u00e7\u00e3o de uma lei para garantir a regulamenta\u00e7\u00e3o&#8230;<\/p>\n","protected":false},"author":1527,"featured_media":48900,"comment_status":"closed","ping_status":"closed","sticky":false,"template":"","format":"standard","meta":{"footnotes":""},"categories":[6],"tags":[],"class_list":["post-48899","post","type-post","status-publish","format-standard","has-post-thumbnail","hentry","category-noticias"],"_links":{"self":[{"href":"https:\/\/www.sincomam.org.br\/index.php\/wp-json\/wp\/v2\/posts\/48899","targetHints":{"allow":["GET"]}}],"collection":[{"href":"https:\/\/www.sincomam.org.br\/index.php\/wp-json\/wp\/v2\/posts"}],"about":[{"href":"https:\/\/www.sincomam.org.br\/index.php\/wp-json\/wp\/v2\/types\/post"}],"author":[{"embeddable":true,"href":"https:\/\/www.sincomam.org.br\/index.php\/wp-json\/wp\/v2\/users\/1527"}],"replies":[{"embeddable":true,"href":"https:\/\/www.sincomam.org.br\/index.php\/wp-json\/wp\/v2\/comments?post=48899"}],"version-history":[{"count":1,"href":"https:\/\/www.sincomam.org.br\/index.php\/wp-json\/wp\/v2\/posts\/48899\/revisions"}],"predecessor-version":[{"id":48901,"href":"https:\/\/www.sincomam.org.br\/index.php\/wp-json\/wp\/v2\/posts\/48899\/revisions\/48901"}],"wp:featuredmedia":[{"embeddable":true,"href":"https:\/\/www.sincomam.org.br\/index.php\/wp-json\/wp\/v2\/media\/48900"}],"wp:attachment":[{"href":"https:\/\/www.sincomam.org.br\/index.php\/wp-json\/wp\/v2\/media?parent=48899"}],"wp:term":[{"taxonomy":"category","embeddable":true,"href":"https:\/\/www.sincomam.org.br\/index.php\/wp-json\/wp\/v2\/categories?post=48899"},{"taxonomy":"post_tag","embeddable":true,"href":"https:\/\/www.sincomam.org.br\/index.php\/wp-json\/wp\/v2\/tags?post=48899"}],"curies":[{"name":"wp","href":"https:\/\/api.w.org\/{rel}","templated":true}]}}