{"id":48880,"date":"2023-12-12T08:24:29","date_gmt":"2023-12-12T11:24:29","guid":{"rendered":"http:\/\/www.sincomam.org.br\/?p=48880"},"modified":"2023-12-12T08:32:25","modified_gmt":"2023-12-12T11:32:25","slug":"cop28-aprova-brasil-como-sede-da-conferencia-do-clima-de-2025","status":"publish","type":"post","link":"https:\/\/www.sincomam.org.br\/index.php\/cop28-aprova-brasil-como-sede-da-conferencia-do-clima-de-2025\/","title":{"rendered":"COP28 aprova Brasil como sede da Confer\u00eancia do Clima de 2025"},"content":{"rendered":"<p>Em sess\u00e3o plen\u00e1ria da Confer\u00eancia das Na\u00e7\u00f5es Unidas sobre Mudan\u00e7as Clim\u00e1ticas de 2023 (COP28), em Dubai, nos Emirados \u00c1rabes Unidos, foi aprovada nesta segunda-feira (11), por unanimidade, a escolha do Brasil como sede da COP30, que deve ser realizada entre os dias 10 e 21 de novembro de 2025. A cidade escolhida pelo Brasil foi Bel\u00e9m, a capital do Par\u00e1. \u00a0<img decoding=\"async\" src=\"https:\/\/agenciabrasil.ebc.com.br\/ebc.png?id=1571585&amp;o=node\" \/><img decoding=\"async\" src=\"https:\/\/agenciabrasil.ebc.com.br\/ebc.gif?id=1571585&amp;o=node\" \/><\/p>\n<p>O Brasil j\u00e1 havia recebido o apoio, em maio deste ano, de praticamente todos os pa\u00edses sul-americanos e caribenhos, sendo essa uma exig\u00eancia da ONU para a escolha do pa\u00eds sede dos encontros do clima. Agora, o\u00a0Brasil\u00a0foi oficialmente confirmado pela COP28. Em 2024, a COP29 ser\u00e1 no Azerbaij\u00e3o, pa\u00eds que fica entre a \u00c1sia e a Europa.<\/p>\n<p>Ap\u00f3s o Brasil ser aprovado como sede da COP30, a ministra do Meio Ambiente, Marina Silva, agradeceu a indica\u00e7\u00e3o que o grupo de pa\u00edses da Am\u00e9rica Latina e do Caribe fez para o Brasil sediar o encontro e anunciou a escolha da cidade de Bel\u00e9m. \u201c\u00c9 com grande satisfa\u00e7\u00e3o que informo nossa decis\u00e3o de realizar a COP de 2025 na Amaz\u00f4nia brasileira, um bioma essencial para conter o aquecimento global\u201d, afirmou nesta segunda-feira.<\/p>\n<p>\u201cEstou especialmente tocada pela indica\u00e7\u00e3o da Amaz\u00f4nia, onde nasci e cresci, para receber esta confer\u00eancia. A Amaz\u00f4nia \u00e9 um s\u00edmbolo vivo da semente que plantamos na Rio 92. Uma regi\u00e3o onde \u00e9 evidente a conex\u00e3o entre as tr\u00eas conven\u00e7\u00f5es que assinamos naquela ocasi\u00e3o: a Conven\u00e7\u00e3o de Biodiversidade, a Conven\u00e7\u00e3o-Quadro de Clima e a Conven\u00e7\u00e3o sobre Desertifica\u00e7\u00e3o. A Amaz\u00f4nia nos mostra o quanto as conven\u00e7\u00f5es est\u00e3o entrela\u00e7adas nos seus desafios, mas tamb\u00e9m nas solu\u00e7\u00f5es sin\u00e9rgicas que abarcam\u201d, destacou.<\/p>\n<p>A candidatura do Brasil para a COP30 foi uma proposta defendida pelo presidente Luiz In\u00e1cio Lula da Silva ainda na COP27, no Egito, onde foi como presidente eleito. \u201cNingu\u00e9m hoje no planeta pode discutir a quest\u00e3o do clima sem levar em conta a exist\u00eancia do nosso pa\u00eds, sem levar em conta a nossa experi\u00eancia, e sem levar em conta o que vai acontecer no Brasil nessa quest\u00e3o da transi\u00e7\u00e3o energ\u00e9tica\u201d, afirmou antes de deixar Dubai, na semana passada.<\/p>\n<h2>COP30<\/h2>\n<p>Pela primeira vez realizada na Amaz\u00f4nia, a COP Bel\u00e9m, em 2025, ser\u00e1 o marco de 10 anos do Acordo de Paris, a principal conven\u00e7\u00e3o clim\u00e1tica da ONU, assinada em 2015 durante a COP21, na capital francesa. O documento estabeleceu metas para a redu\u00e7\u00e3o de emiss\u00f5es de gases causadores do aquecimento global.<\/p>\n<p>O Minist\u00e9rio das Rela\u00e7\u00f5es Exteriores (MRE) estima que o pa\u00eds deve receber\u00a0cerca de 50 mil visitantes\u00a0em Bel\u00e9m nos dias da COP30.<\/p>\n<h2>Crise Clim\u00e1tica<\/h2>\n<p>Os gases do efeito estufa lan\u00e7ados na atmosfera v\u00eam aumentando a temperatura do planeta desde a Revolu\u00e7\u00e3o Industrial (s\u00e9culos 18 e 19), principalmente por meio da queima de combust\u00edveis f\u00f3sseis, o que impulsiona a atual crise clim\u00e1tica, marcada por eventos extremos, como o calor excessivo, as secas prolongadas e as chuvas intensas.<\/p>\n<p>No Acordo de Paris, em 2015, 195 pa\u00edses se comprometeram a combater o aquecimento global \u201cem bem menos de 2\u00ba C acima dos n\u00edveis pr\u00e9-industriais\u201d, buscando preferencialmente limit\u00e1-lo a 1,5\u00baC acima dos n\u00edveis antes da revolu\u00e7\u00e3o industrial.<\/p>\n<p>Fonte: Ag\u00eancia Brasil<\/p>\n","protected":false},"excerpt":{"rendered":"<p>Em sess\u00e3o plen\u00e1ria da Confer\u00eancia das Na\u00e7\u00f5es Unidas sobre Mudan\u00e7as Clim\u00e1ticas de 2023 (COP28), em Dubai, nos Emirados \u00c1rabes Unidos, foi aprovada nesta segunda-feira (11),&#8230;<\/p>\n","protected":false},"author":1527,"featured_media":48882,"comment_status":"closed","ping_status":"closed","sticky":false,"template":"","format":"standard","meta":{"footnotes":""},"categories":[6],"tags":[],"class_list":["post-48880","post","type-post","status-publish","format-standard","has-post-thumbnail","hentry","category-noticias"],"_links":{"self":[{"href":"https:\/\/www.sincomam.org.br\/index.php\/wp-json\/wp\/v2\/posts\/48880","targetHints":{"allow":["GET"]}}],"collection":[{"href":"https:\/\/www.sincomam.org.br\/index.php\/wp-json\/wp\/v2\/posts"}],"about":[{"href":"https:\/\/www.sincomam.org.br\/index.php\/wp-json\/wp\/v2\/types\/post"}],"author":[{"embeddable":true,"href":"https:\/\/www.sincomam.org.br\/index.php\/wp-json\/wp\/v2\/users\/1527"}],"replies":[{"embeddable":true,"href":"https:\/\/www.sincomam.org.br\/index.php\/wp-json\/wp\/v2\/comments?post=48880"}],"version-history":[{"count":1,"href":"https:\/\/www.sincomam.org.br\/index.php\/wp-json\/wp\/v2\/posts\/48880\/revisions"}],"predecessor-version":[{"id":48881,"href":"https:\/\/www.sincomam.org.br\/index.php\/wp-json\/wp\/v2\/posts\/48880\/revisions\/48881"}],"wp:featuredmedia":[{"embeddable":true,"href":"https:\/\/www.sincomam.org.br\/index.php\/wp-json\/wp\/v2\/media\/48882"}],"wp:attachment":[{"href":"https:\/\/www.sincomam.org.br\/index.php\/wp-json\/wp\/v2\/media?parent=48880"}],"wp:term":[{"taxonomy":"category","embeddable":true,"href":"https:\/\/www.sincomam.org.br\/index.php\/wp-json\/wp\/v2\/categories?post=48880"},{"taxonomy":"post_tag","embeddable":true,"href":"https:\/\/www.sincomam.org.br\/index.php\/wp-json\/wp\/v2\/tags?post=48880"}],"curies":[{"name":"wp","href":"https:\/\/api.w.org\/{rel}","templated":true}]}}