{"id":48826,"date":"2023-12-08T08:34:10","date_gmt":"2023-12-08T11:34:10","guid":{"rendered":"http:\/\/www.sincomam.org.br\/?p=48826"},"modified":"2023-12-08T08:34:10","modified_gmt":"2023-12-08T11:34:10","slug":"maceio-regiao-da-mina-18-afunda-6-centimetros-em-24-horas","status":"publish","type":"post","link":"https:\/\/www.sincomam.org.br\/index.php\/maceio-regiao-da-mina-18-afunda-6-centimetros-em-24-horas\/","title":{"rendered":"Macei\u00f3: regi\u00e3o da mina 18 afunda 6 cent\u00edmetros em 24 horas"},"content":{"rendered":"<p>A Defesa Civil de Macei\u00f3 (AL) informou, nesta quinta-feira (7) que o afundamento acumulado do solo do bairro do Mutange, onde a Braskem extra\u00eda sal-gema,\u00a0atingiu 1,99 metro\u00a0e a velocidade do afundamento \u00e9 de 0,25 cent\u00edmetro (cm) por hora. O deslocamento vertical\u00a0apresentando\u00a0nas 24 horas anteriores ao relat\u00f3rio foi de 6 cm. \u00a0<img decoding=\"async\" src=\"https:\/\/agenciabrasil.ebc.com.br\/ebc.png?id=1571183&amp;o=node\" \/><img decoding=\"async\" src=\"https:\/\/agenciabrasil.ebc.com.br\/ebc.gif?id=1571183&amp;o=node\" \/><\/p>\n<p>Diante da situa\u00e7\u00e3o, o \u00f3rg\u00e3o da prefeitura municipal alerta que permanece o risco de colapso (desabamento) do terreno acima da mina 18 da Braskem.<\/p>\n<p>T\u00e9cnicos do Minist\u00e9rio de Minas e Energia (MME), do Servi\u00e7o Geol\u00f3gico do Brasil (SGB) e da Ag\u00eancia Nacional de Minera\u00e7\u00e3o (ANM), que comp\u00f5em a sala de situa\u00e7\u00e3o do governo federal, tamb\u00e9m est\u00e3o na capital alagoana para an\u00e1lises di\u00e1rias\u00a0a partir dos dados s\u00edsmicos da \u00e1rea afetada obtidos pelas Defesas Civis estadual e municipal e pela petroqu\u00edmica Braskem, que acompanham o local em tempo integral.<\/p>\n<p>No\u00a0<a href=\"https:\/\/www.gov.br\/mme\/pt-br\/assuntos\/noticias\/6.12.2023_RelatoCC81rio20Sala20de20SituacCCA7aCC83o.pdf.pdf\" target=\"_blank\" rel=\"noopener\">relat\u00f3rio mais recente<\/a>, os especialistas da sala de situa\u00e7\u00e3o avaliam\u00a0que o \u201cquadro de instabilidade geol\u00f3gica em Macei\u00f3 (AL) est\u00e1 em acomoda\u00e7\u00e3o\u201d e que est\u00e1 melhorando diariamente. No entanto, a Sala de Situa\u00e7\u00e3o recomenda cautela m\u00e1xima na regi\u00e3o e monitoramento integral.<\/p>\n<p>Por precau\u00e7\u00e3o, a recomenda\u00e7\u00e3o da Defesa Civil de Macei\u00f3 \u00e9 para que a popula\u00e7\u00e3o n\u00e3o transite na \u00e1rea desocupada at\u00e9 uma nova orienta\u00e7\u00e3o do \u00f3rg\u00e3o, que deve vir\u00a0ap\u00f3s a ado\u00e7\u00e3o de medidas de controle e monitoramento para reduzir o perigo da regi\u00e3o.<\/p>\n<h2>Governo federal<\/h2>\n<p>Em Bras\u00edlia, nesta quinta-feira,\u00a0o ministro de Minas e Energia (MME), Alexandre Silveira, afirmou que a preserva\u00e7\u00e3o da vida \u00e9 a grande preocupa\u00e7\u00e3o do governo federal\u00a0neste primeiro momento. A declara\u00e7\u00e3o foi dada ap\u00f3s a desocupa\u00e7\u00e3o das \u00faltimas 40 resid\u00eancias de fam\u00edlias que ainda moravam na \u00e1rea afetada, dentro bairro do Mutange.<\/p>\n<div class=\"dnd-widget-wrapper context-cheio_8colunas type-image\">\n<div class=\"dnd-atom-rendered\">\n<p>O ministro disse ainda que, a partir do agravamento da crise geol\u00f3gica, o governo federal tem discutido a\u00e7\u00f5es para minimizar os impactos \u00e0 popula\u00e7\u00e3o moradora do local e comerciantes.<\/p>\n<p>\u201cAgora, naturalmente, n\u00f3s vamos discutir, do ponto de vista de governo, como se dar\u00e3o os desdobramentos desse problema, que \u00e9 um problema social, \u00e9 um problema pol\u00edtico e \u00e9 um problema tamb\u00e9m t\u00e9cnico.\u201d<\/p>\n<p>Por meio dos monitoramentos feitos pela\u00a0Sala de Situa\u00e7\u00e3o, Alexandre Silveira disse que o Minist\u00e9rio de Minas e Energia tem informado a\u00a0Casa Civil da Presid\u00eancia da Rep\u00fablica, o vice-presidente da Rep\u00fablica, Geraldo Alckmin, e\u00a0demais \u00f3rg\u00e3os relacionados ao tema sobre cada movimenta\u00e7\u00e3o do solo em Macei\u00f3. \u201cEstou presidindo a sala de situa\u00e7\u00e3o e, se necess\u00e1rio, estarei em Macei\u00f3 para poder avaliar com cuidado os poss\u00edveis danos que\u00a0a explora\u00e7\u00e3o do sal-gema causou naquela regi\u00e3o,\u201d diz o ministro.<\/p>\n<p>O ministro adiantou que assim que o presidente Luiz In\u00e1cio Lula da Silva chegar a Bras\u00edlia, ap\u00f3s participar da\u00a0C\u00fapula de Chefes de Governo do Mercosul, receber\u00e1 informa\u00e7\u00f5es adicionais sobre a real situa\u00e7\u00e3o em Macei\u00f3; \u201cPara que possa avaliar a necessidade e a continuidade de medidas que j\u00e1 tomou, mesmo viajando, a fim de minimizar os impactos desse drama que vive a popula\u00e7\u00e3o de Macei\u00f3.\u201d, disse Silveira.<\/p>\n<\/div>\n<\/div>\n","protected":false},"excerpt":{"rendered":"<p>A Defesa Civil de Macei\u00f3 (AL) informou, nesta quinta-feira (7) que o afundamento acumulado do solo do bairro do Mutange, onde a Braskem extra\u00eda sal-gema,\u00a0atingiu&#8230;<\/p>\n","protected":false},"author":1527,"featured_media":48827,"comment_status":"closed","ping_status":"closed","sticky":false,"template":"","format":"standard","meta":{"footnotes":""},"categories":[6],"tags":[],"class_list":["post-48826","post","type-post","status-publish","format-standard","has-post-thumbnail","hentry","category-noticias"],"_links":{"self":[{"href":"https:\/\/www.sincomam.org.br\/index.php\/wp-json\/wp\/v2\/posts\/48826","targetHints":{"allow":["GET"]}}],"collection":[{"href":"https:\/\/www.sincomam.org.br\/index.php\/wp-json\/wp\/v2\/posts"}],"about":[{"href":"https:\/\/www.sincomam.org.br\/index.php\/wp-json\/wp\/v2\/types\/post"}],"author":[{"embeddable":true,"href":"https:\/\/www.sincomam.org.br\/index.php\/wp-json\/wp\/v2\/users\/1527"}],"replies":[{"embeddable":true,"href":"https:\/\/www.sincomam.org.br\/index.php\/wp-json\/wp\/v2\/comments?post=48826"}],"version-history":[{"count":1,"href":"https:\/\/www.sincomam.org.br\/index.php\/wp-json\/wp\/v2\/posts\/48826\/revisions"}],"predecessor-version":[{"id":48828,"href":"https:\/\/www.sincomam.org.br\/index.php\/wp-json\/wp\/v2\/posts\/48826\/revisions\/48828"}],"wp:featuredmedia":[{"embeddable":true,"href":"https:\/\/www.sincomam.org.br\/index.php\/wp-json\/wp\/v2\/media\/48827"}],"wp:attachment":[{"href":"https:\/\/www.sincomam.org.br\/index.php\/wp-json\/wp\/v2\/media?parent=48826"}],"wp:term":[{"taxonomy":"category","embeddable":true,"href":"https:\/\/www.sincomam.org.br\/index.php\/wp-json\/wp\/v2\/categories?post=48826"},{"taxonomy":"post_tag","embeddable":true,"href":"https:\/\/www.sincomam.org.br\/index.php\/wp-json\/wp\/v2\/tags?post=48826"}],"curies":[{"name":"wp","href":"https:\/\/api.w.org\/{rel}","templated":true}]}}